{"id":1476,"date":"2021-11-24T15:14:13","date_gmt":"2021-11-24T19:14:13","guid":{"rendered":"https:\/\/ambsantodomingo.esteri.it\/news\/dall_ambasciata\/2021\/11\/giornata-internazionale-per-l-eliminazione-2\/"},"modified":"2021-11-24T15:14:13","modified_gmt":"2021-11-24T19:14:13","slug":"giornata-internazionale-per-l-eliminazione-2","status":"publish","type":"post","link":"https:\/\/ambsantodomingo.esteri.it\/es\/news\/dall_ambasciata\/2021\/11\/giornata-internazionale-per-l-eliminazione-2\/","title":{"rendered":"D\u00eda Internacional de la Eliminaci\u00f3n de la Violencia contra la Mujer."},"content":{"rendered":"<p>Con motivo del <strong>D\u00eda Internacional de la Eliminaci\u00f3n de la Violencia contra la Mujer 2021<\/strong>, el Ministerio de Asuntos Exteriores y Cooperaci\u00f3n Internacional de Italia y su red exterior se unen a la campa\u00f1a de sensibilizaci\u00f3n \u00abOrange the World: Pongamos fin a la violencia contra las mujeres\u00bb, lanzada por ONU Mujeres. Este a\u00f1o, la campa\u00f1a tiene como objetivo prevenir todas las formas de violencia, escuchar a las v\u00edctimas y cambiar las normas sociales discriminatorias para promover la igualdad de g\u00e9nero efectiva.<\/p>\n<p>La pandemia de Covid-19 y las medidas de bloqueo posteriores han exacerbado las vulnerabilidades preexistentes y han contribuido significativamente al aumento de los casos de violencia dom\u00e9stica y de abusos contra mujeres, ni\u00f1as y ni\u00f1os en situaciones de conflicto armado y crisis humanitaria.<\/p>\n<p>Ante estas alarmantes cifras, Italia expresa una vez m\u00e1s su m\u00e1s firme condena a todas las formas de discriminaci\u00f3n y violencia contra las mujeres, un fen\u00f3meno inaceptable y un grave impedimento para la consecuci\u00f3n de la igualdad de g\u00e9nero, el disfrute efectivo de los derechos y la plena realizaci\u00f3n personal.<\/p>\n<p>Hasta la fecha, ning\u00fan pa\u00eds del mundo puede presumir de haber alcanzado la plena igualdad de g\u00e9nero: por ello, toda la comunidad internacional debe seguir persiguiendo con firmeza este objetivo esencial.<\/p>\n<p>Los objetivos de la eliminaci\u00f3n de todas las formas de violencia contra las mujeres y del empoderamiento de las mujeres, pilares de la pol\u00edtica exterior y de la cooperaci\u00f3n al desarrollo de Italia, han estado en el centro de la Presidencia italiana del G20 y figuran entre las prioridades del mandato de Italia en el Consejo de Derechos Humanos de las Naciones Unidas y de la Presidencia semestral de Italia del Comit\u00e9 de Ministros del Consejo de Europa, donde Italia apoya y promueve el <em>\u00abConvenio para prevenir y combatir la violencia contra las mujeres y la violencia dom\u00e9stica\u00bb (o \u00abConvenio de Estambul\u00bb).<\/em><\/p>\n<p>Este compromiso tambi\u00e9n se ha visto confirmado por el papel activo que Italia ha asumido, en respuesta a la crisis de Afganist\u00e1n, en la protecci\u00f3n y promoci\u00f3n de los derechos de las mujeres, las ni\u00f1as y los ni\u00f1os afganos, la salvaguarda de su derecho a la educaci\u00f3n, la libertad de movimiento y la plena participaci\u00f3n en la vida p\u00fablica.<\/p>\n<p>En cuanto a la organizaci\u00f3n interna de los m\u00e9todos de trabajo, el 15 de octubre el Ministerio italiano de Asuntos Exteriores y Cooperaci\u00f3n Internacional adopt\u00f3 la Circular n\u00ba 3\/2021 para garantizar la igualdad de oportunidades entre hombres y mujeres, ajust\u00e1ndose a las normas m\u00e1s estrictas de promoci\u00f3n de la igualdad de g\u00e9nero, subrayando la necesidad de garantizar la aplicaci\u00f3n concreta, en el trabajo diario, del principio constitucional de igualdad, tanto en lo que respecta a la prohibici\u00f3n de la discriminaci\u00f3n como a la promoci\u00f3n activa de la igualdad efectiva.<\/p>\n","protected":false},"excerpt":{"rendered":"Con motivo del D\u00eda Internacional de la Eliminaci\u00f3n de la Violencia contra la Mujer 2021, el Ministerio de Asuntos Exteriores y Cooperaci\u00f3n Internacional de Italia y su red exterior se unen a la campa\u00f1a de sensibilizaci\u00f3n \u00abOrange the World: Pongamos fin a la violencia contra las mujeres\u00bb, lanzada por ONU Mujeres. Este a\u00f1o, la campa\u00f1a [&hellip;]","protected":false},"author":1,"featured_media":0,"comment_status":"","ping_status":"","sticky":false,"template":"","format":"standard","meta":{"footnotes":""},"tags":[],"class_list":["post-1476","post","type-post","status-publish","format-standard","hentry"],"_links":{"self":[{"href":"https:\/\/ambsantodomingo.esteri.it\/es\/wp-json\/wp\/v2\/posts\/1476","targetHints":{"allow":["GET"]}}],"collection":[{"href":"https:\/\/ambsantodomingo.esteri.it\/es\/wp-json\/wp\/v2\/posts"}],"about":[{"href":"https:\/\/ambsantodomingo.esteri.it\/es\/wp-json\/wp\/v2\/types\/post"}],"author":[{"embeddable":true,"href":"https:\/\/ambsantodomingo.esteri.it\/es\/wp-json\/wp\/v2\/users\/1"}],"replies":[{"embeddable":true,"href":"https:\/\/ambsantodomingo.esteri.it\/es\/wp-json\/wp\/v2\/comments?post=1476"}],"version-history":[{"count":0,"href":"https:\/\/ambsantodomingo.esteri.it\/es\/wp-json\/wp\/v2\/posts\/1476\/revisions"}],"wp:attachment":[{"href":"https:\/\/ambsantodomingo.esteri.it\/es\/wp-json\/wp\/v2\/media?parent=1476"}],"wp:term":[{"taxonomy":"post_tag","embeddable":true,"href":"https:\/\/ambsantodomingo.esteri.it\/es\/wp-json\/wp\/v2\/tags?post=1476"}],"curies":[{"name":"wp","href":"https:\/\/api.w.org\/{rel}","templated":true}]}}