{"id":1588,"date":"2021-08-09T19:20:47","date_gmt":"2021-08-09T23:20:47","guid":{"rendered":"https:\/\/ambsantodomingo.esteri.it\/news\/dall_ambasciata\/2021\/08\/l-ambasciata-d-italia-e-agora-mall-2\/"},"modified":"2021-08-09T19:20:47","modified_gmt":"2021-08-09T23:20:47","slug":"l-ambasciata-d-italia-e-agora-mall-2","status":"publish","type":"post","link":"https:\/\/ambsantodomingo.esteri.it\/es\/news\/dall_ambasciata\/2021\/08\/l-ambasciata-d-italia-e-agora-mall-2\/","title":{"rendered":"Embajada de Italia y \u00c1gora Mall presentan la muestra \u201cEl Legado Italiano en RD\u201d."},"content":{"rendered":"<p><img decoding=\"async\" src=\"resource\/img\/2021\/08\/unnamed_8.jpg\" alt=\"unnamed 8\" \/><\/p>\n<p>Embajada de Italia y \u00c1gora Mall presentan la muestra \u201cEl Legado Italiano en RD\u201d.<br \/>Silvia Rosales administradora del centro comercial agradeci\u00f3 a la Embajada de Italia en Rep\u00fablica Dominicana en la persona del Embajador Extraordinario y Plenipotenciario de Italia en Santo Domingo, Andrea Canepari por elegir sus instalaciones para exhibir esta muestra. \u201cDesde \u00c1gora Mall creemos que el arte y la cultura juegan un papel preponderante en las relaciones entre las naciones y esto queda de manifiesto en las im\u00e1genes que a partir de hoy se exhiben en esta exposici\u00f3n que nos permite ver en retrospectiva la relaci\u00f3n hist\u00f3rica entre Rep\u00fablica Dominicana e Italia. Abierta al publico gratuitamente del 4 de agosto hasta el 12 de septiembre<\/p>\n<p>Articulo en el Periodico Diario Libre\u00a0Articolo nel quotidiano Diario Libre: <a href=\"https:\/\/www.diariolibre.com\/estilos\/sociales\/embajada-de-italia-y-agora-mall-presentan-la-muestra-el-legado-italiano-en-rd-JJ27953875\">https:\/\/www.diariolibre.com\/estilos\/sociales\/embajada-de-italia-y-agora-mall-presentan-la-muestra-el-legado-italiano-en-rd-JJ27953875<\/a>\u00a0<\/p>\n","protected":false},"excerpt":{"rendered":"Embajada de Italia y \u00c1gora Mall presentan la muestra \u201cEl Legado Italiano en RD\u201d.Silvia Rosales administradora del centro comercial agradeci\u00f3 a la Embajada de Italia en Rep\u00fablica Dominicana en la persona del Embajador Extraordinario y Plenipotenciario de Italia en Santo Domingo, Andrea Canepari por elegir sus instalaciones para exhibir esta muestra. \u201cDesde \u00c1gora Mall creemos [&hellip;]","protected":false},"author":1,"featured_media":0,"comment_status":"","ping_status":"","sticky":false,"template":"","format":"standard","meta":{"footnotes":""},"tags":[],"class_list":["post-1588","post","type-post","status-publish","format-standard","hentry"],"_links":{"self":[{"href":"https:\/\/ambsantodomingo.esteri.it\/es\/wp-json\/wp\/v2\/posts\/1588","targetHints":{"allow":["GET"]}}],"collection":[{"href":"https:\/\/ambsantodomingo.esteri.it\/es\/wp-json\/wp\/v2\/posts"}],"about":[{"href":"https:\/\/ambsantodomingo.esteri.it\/es\/wp-json\/wp\/v2\/types\/post"}],"author":[{"embeddable":true,"href":"https:\/\/ambsantodomingo.esteri.it\/es\/wp-json\/wp\/v2\/users\/1"}],"replies":[{"embeddable":true,"href":"https:\/\/ambsantodomingo.esteri.it\/es\/wp-json\/wp\/v2\/comments?post=1588"}],"version-history":[{"count":0,"href":"https:\/\/ambsantodomingo.esteri.it\/es\/wp-json\/wp\/v2\/posts\/1588\/revisions"}],"wp:attachment":[{"href":"https:\/\/ambsantodomingo.esteri.it\/es\/wp-json\/wp\/v2\/media?parent=1588"}],"wp:term":[{"taxonomy":"post_tag","embeddable":true,"href":"https:\/\/ambsantodomingo.esteri.it\/es\/wp-json\/wp\/v2\/tags?post=1588"}],"curies":[{"name":"wp","href":"https:\/\/api.w.org\/{rel}","templated":true}]}}