{"id":1592,"date":"2021-08-09T19:18:27","date_gmt":"2021-08-09T23:18:27","guid":{"rendered":"https:\/\/ambsantodomingo.esteri.it\/news\/dall_ambasciata\/2021\/08\/mostra-d-arte-dante-e-opicino-al-2\/"},"modified":"2021-08-09T19:18:27","modified_gmt":"2021-08-09T23:18:27","slug":"mostra-d-arte-dante-e-opicino-al-2","status":"publish","type":"post","link":"https:\/\/ambsantodomingo.esteri.it\/es\/news\/dall_ambasciata\/2021\/08\/mostra-d-arte-dante-e-opicino-al-2\/","title":{"rendered":"Exposici\u00f3n art\u00edstica de Dante y Opicino en el tercer piso de la Biblioteca Nacional Pedro Henr\u00edquez Ure\u00f1a, desde el 11 de agosto hasta el 3 de septiembre."},"content":{"rendered":"<p><img decoding=\"async\" src=\"resource\/img\/2021\/08\/unnamed_7.jpg\" alt=\"unnamed 7\" \/><\/p>\n<p>Exposici\u00f3n art\u00edstica de Dante y Opicino en el tercer piso de la Biblioteca Nacional Pedro Henr\u00edquez Ure\u00f1a, desde el 11 de agosto hasta el 3 de septiembre.<\/p>\n","protected":false},"excerpt":{"rendered":"Exposici\u00f3n art\u00edstica de Dante y Opicino en el tercer piso de la Biblioteca Nacional Pedro Henr\u00edquez Ure\u00f1a, desde el 11 de agosto hasta el 3 de septiembre.","protected":false},"author":1,"featured_media":0,"comment_status":"","ping_status":"","sticky":false,"template":"","format":"standard","meta":{"footnotes":""},"tags":[],"class_list":["post-1592","post","type-post","status-publish","format-standard","hentry"],"_links":{"self":[{"href":"https:\/\/ambsantodomingo.esteri.it\/es\/wp-json\/wp\/v2\/posts\/1592","targetHints":{"allow":["GET"]}}],"collection":[{"href":"https:\/\/ambsantodomingo.esteri.it\/es\/wp-json\/wp\/v2\/posts"}],"about":[{"href":"https:\/\/ambsantodomingo.esteri.it\/es\/wp-json\/wp\/v2\/types\/post"}],"author":[{"embeddable":true,"href":"https:\/\/ambsantodomingo.esteri.it\/es\/wp-json\/wp\/v2\/users\/1"}],"replies":[{"embeddable":true,"href":"https:\/\/ambsantodomingo.esteri.it\/es\/wp-json\/wp\/v2\/comments?post=1592"}],"version-history":[{"count":0,"href":"https:\/\/ambsantodomingo.esteri.it\/es\/wp-json\/wp\/v2\/posts\/1592\/revisions"}],"wp:attachment":[{"href":"https:\/\/ambsantodomingo.esteri.it\/es\/wp-json\/wp\/v2\/media?parent=1592"}],"wp:term":[{"taxonomy":"post_tag","embeddable":true,"href":"https:\/\/ambsantodomingo.esteri.it\/es\/wp-json\/wp\/v2\/tags?post=1592"}],"curies":[{"name":"wp","href":"https:\/\/api.w.org\/{rel}","templated":true}]}}