{"id":1598,"date":"2021-08-09T18:58:31","date_gmt":"2021-08-09T22:58:31","guid":{"rendered":"https:\/\/ambsantodomingo.esteri.it\/news\/dall_ambasciata\/2021\/08\/eventi-utesa-agora-mall-e-bnepu-2\/"},"modified":"2021-08-09T18:58:31","modified_gmt":"2021-08-09T22:58:31","slug":"eventi-utesa-agora-mall-e-bnepu-2","status":"publish","type":"post","link":"https:\/\/ambsantodomingo.esteri.it\/es\/news\/dall_ambasciata\/2021\/08\/eventi-utesa-agora-mall-e-bnepu-2\/","title":{"rendered":"Edwin Espinal Hern\u00e1ndez,  comparte un extracto del cap\u00edtulo de su autor\u00eda \u201cPresencia italiana en el Cibao. Siglos XIX y XX\u201d."},"content":{"rendered":"<p><img decoding=\"async\" src=\"resource\/img\/2021\/08\/unnamed_9.jpg\" alt=\"unnamed 9\" \/><\/p>\n<p>Edwin Espinal Hern\u00e1ndez, abogado y miembro de N\u00famero de la Academia Dominicana de la Historia, comparte un extracto del cap\u00edtulo de su autor\u00eda \u201cPresencia italiana en el Cibao. Siglos XIX y XX\u201d.<br \/>A prop\u00f3sito del libro \u201cEl Legado Italiano en Rep\u00fablica Dominicana. Historia, Arquitectura, Econom\u00eda y Sociedad.\u201d Con edici\u00f3n a cargo de S. E. Andrea Canepari, Embajador de Italia en Rep\u00fablica Dominicana. En coordinaci\u00f3n con la Embajada de Italia en Santo Domingo, junto a la Universidad Tecnol\u00f3gica de Santiago UTESA, con el apoyo de la C\u00e1mara de Comercio Dom\u00ednico &#8211; italiana y el Peri\u00f3dico La Informaci\u00f3n. <strong><a href=\"https:\/\/youtu.be\/z_v-KrE-nSA\">https:\/\/youtu.be\/z_v-KrE-nSA<\/a><\/strong><\/p>\n<p>\u00a0<\/p>\n<p>\u00a0<\/p>\n","protected":false},"excerpt":{"rendered":"Edwin Espinal Hern\u00e1ndez, abogado y miembro de N\u00famero de la Academia Dominicana de la Historia, comparte un extracto del cap\u00edtulo de su autor\u00eda \u201cPresencia italiana en el Cibao. Siglos XIX y XX\u201d.A prop\u00f3sito del libro \u201cEl Legado Italiano en Rep\u00fablica Dominicana. Historia, Arquitectura, Econom\u00eda y Sociedad.\u201d Con edici\u00f3n a cargo de S. E. Andrea Canepari, [&hellip;]","protected":false},"author":1,"featured_media":0,"comment_status":"","ping_status":"","sticky":false,"template":"","format":"standard","meta":{"footnotes":""},"tags":[],"class_list":["post-1598","post","type-post","status-publish","format-standard","hentry"],"_links":{"self":[{"href":"https:\/\/ambsantodomingo.esteri.it\/es\/wp-json\/wp\/v2\/posts\/1598","targetHints":{"allow":["GET"]}}],"collection":[{"href":"https:\/\/ambsantodomingo.esteri.it\/es\/wp-json\/wp\/v2\/posts"}],"about":[{"href":"https:\/\/ambsantodomingo.esteri.it\/es\/wp-json\/wp\/v2\/types\/post"}],"author":[{"embeddable":true,"href":"https:\/\/ambsantodomingo.esteri.it\/es\/wp-json\/wp\/v2\/users\/1"}],"replies":[{"embeddable":true,"href":"https:\/\/ambsantodomingo.esteri.it\/es\/wp-json\/wp\/v2\/comments?post=1598"}],"version-history":[{"count":0,"href":"https:\/\/ambsantodomingo.esteri.it\/es\/wp-json\/wp\/v2\/posts\/1598\/revisions"}],"wp:attachment":[{"href":"https:\/\/ambsantodomingo.esteri.it\/es\/wp-json\/wp\/v2\/media?parent=1598"}],"wp:term":[{"taxonomy":"post_tag","embeddable":true,"href":"https:\/\/ambsantodomingo.esteri.it\/es\/wp-json\/wp\/v2\/tags?post=1598"}],"curies":[{"name":"wp","href":"https:\/\/api.w.org\/{rel}","templated":true}]}}