{"id":1604,"date":"2021-08-09T18:49:35","date_gmt":"2021-08-09T22:49:35","guid":{"rendered":"https:\/\/ambsantodomingo.esteri.it\/news\/dall_ambasciata\/2021\/08\/atto-di-riconoscimento-per-s-e-2\/"},"modified":"2021-08-09T18:49:35","modified_gmt":"2021-08-09T22:49:35","slug":"atto-di-riconoscimento-per-s-e-2","status":"publish","type":"post","link":"https:\/\/ambsantodomingo.esteri.it\/es\/news\/dall_ambasciata\/2021\/08\/atto-di-riconoscimento-per-s-e-2\/","title":{"rendered":"Acto de Reconocimiento para el Excmo. Sr. Andrea Canepari, Embajador de Italia, 10 de Agosto, 10 am via Youtube"},"content":{"rendered":"<p>Los ciudadanos italianos y a los amigos de Italia estan invitados a participar al Acto de Reconocimiento para el Excmo. Sr. Andrea Canepari, Embajador de la Rep\u00fablica Italiana ante el gobierno de la Rep\u00fablica Dominicana organizado por la C\u00e1mara de Comercio Dominico Italiana y la comunidad italiana en la Republica Dominicana, <strong>10 de agosto a las 10 a.m. a trav\u00e9s del link: https:\/\/youtu.be\/myjUD5vmC1U<\/strong><\/p>\n<p>En dicha ocasi\u00f3n, contaremos con la participaci\u00f3n del <strong>Canciller Roberto \u00c1lvarez, el Magistrado Presidente del Tribunal Constitucional Milton Ray Guevara, la Ministra de Cultura Carmen Heredia, el Presidente de la Camara de Diputados Alfredo Pacheco, el Arzobispo Francisco Ozoria,<\/strong> como otras importantes personalidades del Gobierno dominicano, del mundo econ\u00f3mico y cultural de la Republica Dominicana.<\/p>\n<p>El mismo 10 de agosto, en el acto antes mencionado,<strong> ser\u00e1n desveladas las im\u00e1genes de los dise\u00f1os ganadores de la nueva Embajada, Oficinas Consulares y Residencia del Embajador de Italia, las cuales ser\u00e1n construidas en el terreno donado por el Sr. Angiolino Vicini Trabucco<\/strong> al Gobierno Italiano, y las cuales llevar\u00e1n con honor su nombre. Este proyecto es solo el primer boceto y no definitivo. La nueva Embajada estar\u00e1 construida bas\u00e1ndose en las tecnolog\u00edas m\u00e1s innovativas en cuanto a la energ\u00eda renovable y a la mitigaci\u00f3n de los riesgos, promoviendo el uso de materiales italianos y contando con la colaboraci\u00f3n de universidades italianas y dominicanas para llevar a cabo nuevas tecnolog\u00edas de la construcci\u00f3n.<\/p>\n","protected":false},"excerpt":{"rendered":"Los ciudadanos italianos y a los amigos de Italia estan invitados a participar al Acto de Reconocimiento para el Excmo. Sr. Andrea Canepari, Embajador de la Rep\u00fablica Italiana ante el gobierno de la Rep\u00fablica Dominicana organizado por la C\u00e1mara de Comercio Dominico Italiana y la comunidad italiana en la Republica Dominicana, 10 de agosto a [&hellip;]","protected":false},"author":1,"featured_media":0,"comment_status":"","ping_status":"","sticky":false,"template":"","format":"standard","meta":{"footnotes":""},"tags":[],"class_list":["post-1604","post","type-post","status-publish","format-standard","hentry"],"_links":{"self":[{"href":"https:\/\/ambsantodomingo.esteri.it\/es\/wp-json\/wp\/v2\/posts\/1604","targetHints":{"allow":["GET"]}}],"collection":[{"href":"https:\/\/ambsantodomingo.esteri.it\/es\/wp-json\/wp\/v2\/posts"}],"about":[{"href":"https:\/\/ambsantodomingo.esteri.it\/es\/wp-json\/wp\/v2\/types\/post"}],"author":[{"embeddable":true,"href":"https:\/\/ambsantodomingo.esteri.it\/es\/wp-json\/wp\/v2\/users\/1"}],"replies":[{"embeddable":true,"href":"https:\/\/ambsantodomingo.esteri.it\/es\/wp-json\/wp\/v2\/comments?post=1604"}],"version-history":[{"count":0,"href":"https:\/\/ambsantodomingo.esteri.it\/es\/wp-json\/wp\/v2\/posts\/1604\/revisions"}],"wp:attachment":[{"href":"https:\/\/ambsantodomingo.esteri.it\/es\/wp-json\/wp\/v2\/media?parent=1604"}],"wp:term":[{"taxonomy":"post_tag","embeddable":true,"href":"https:\/\/ambsantodomingo.esteri.it\/es\/wp-json\/wp\/v2\/tags?post=1604"}],"curies":[{"name":"wp","href":"https:\/\/api.w.org\/{rel}","templated":true}]}}