{"id":2720,"date":"2024-02-05T08:40:34","date_gmt":"2024-02-05T12:40:34","guid":{"rendered":"https:\/\/ambsantodomingo.esteri.it\/?p=2720"},"modified":"2024-02-15T09:43:53","modified_gmt":"2024-02-15T13:43:53","slug":"italia-recibe-el-mando-tactico-de-la-mision-de-la-ue-en-el-mar-rojo","status":"publish","type":"post","link":"https:\/\/ambsantodomingo.esteri.it\/es\/news\/dall_ambasciata\/2024\/02\/italia-recibe-el-mando-tactico-de-la-mision-de-la-ue-en-el-mar-rojo\/","title":{"rendered":"Italia en control t\u00e1ctico de la misi\u00f3n Aspides y de turno de la misi\u00f3n Atlanta"},"content":{"rendered":"<p>En el contexto de un renovado compromiso con la seguridad mar\u00edtima, a Italia se le ha asignado un papel de liderazgo en dos importantes misiones bajo los auspicios de la Uni\u00f3n Europea, reflejando la confianza y el reconocimiento de la competencia y la eficacia de sus fuerzas armadas.<\/p>\n<p>La Defensa italiana ha recibido el mandato de proporcionar al Force Commander la operaci\u00f3n Aspides en el Mar Rojo, una operaci\u00f3n vital destinada a garantizar la libre navegaci\u00f3n y la seguridad del tr\u00e1fico comercial en una de las zonas m\u00e1s estrat\u00e9gicas del mundo.<\/p>\n<p>Paralelamente, desde el 12 de febrero, Italia ha asumido el mando de la hist\u00f3rica misi\u00f3n Atalanta, centrada en la lucha contra la pirater\u00eda entre el Mar Rojo y Somalia. El contraalmirante italiano Francesco Saladino, a bordo del barco Martinengo, tom\u00f3 el tim\u00f3n de su predecesor portugu\u00e9s, inaugurando el 46\u00ba mando de la misi\u00f3n.<\/p>\n<p>Estos acontecimientos se producen en un momento en que los retos de la seguridad mar\u00edtima se han intensificado, con ataques piratas y acciones hostiles de los houthi que amenazan el libre tr\u00e1nsito en aguas internacionales.<\/p>\n<p><a href=\"http:\/\/www.marina.difesa.it\/media-cultura\/Notiziario-online\/Pagine\/20220722_nave_caio_duilio_rientra_alla_spezia_termine_intenso_periodo_addestrativo_con_us_navy.aspx\"><img loading=\"lazy\" decoding=\"async\" class=\"img-fluid aligncenter wp-image-2748\" src=\"https:\/\/ambsantodomingo.esteri.it\/wp-content\/uploads\/2024\/02\/20220722_nave_caio_duilio_rientra_alla_spezia_termine_intenso_periodo_addestrativo_con_us_navy-300x169.jpg\" alt=\"\" width=\"703\" height=\"396\" srcset=\"https:\/\/ambsantodomingo.esteri.it\/wp-content\/uploads\/2024\/02\/20220722_nave_caio_duilio_rientra_alla_spezia_termine_intenso_periodo_addestrativo_con_us_navy-300x169.jpg 300w, https:\/\/ambsantodomingo.esteri.it\/wp-content\/uploads\/2024\/02\/20220722_nave_caio_duilio_rientra_alla_spezia_termine_intenso_periodo_addestrativo_con_us_navy-1024x576.jpg 1024w, https:\/\/ambsantodomingo.esteri.it\/wp-content\/uploads\/2024\/02\/20220722_nave_caio_duilio_rientra_alla_spezia_termine_intenso_periodo_addestrativo_con_us_navy-768x432.jpg 768w, https:\/\/ambsantodomingo.esteri.it\/wp-content\/uploads\/2024\/02\/20220722_nave_caio_duilio_rientra_alla_spezia_termine_intenso_periodo_addestrativo_con_us_navy.jpg 1920w\" sizes=\"auto, (max-width: 703px) 100vw, 703px\" \/><\/a><\/p>\n<p>El Ministro de Defensa, Guido Crosetto, expres\u00f3 su confianza en la capacidad de las fuerzas armadas italianas para afrontar estos desaf\u00edos, destacando la profesionalidad y la experiencia como factores clave para el \u00e9xito. Italia, gracias a la s\u00f3lida colaboraci\u00f3n con aliados y socios internacionales, se compromete a prevenir y reprimir la pirater\u00eda y a proteger los barcos y los mercantes en tr\u00e1nsito.<\/p>\n<p>La Operaci\u00f3n Aspides, en particular, marca una evoluci\u00f3n t\u00e1ctica con reglas de enfrentamiento espec\u00edficas para contrarrestar eficazmente las amenazas, demostrando la importancia estrat\u00e9gica de estas misiones para la UE. La presencia italiana al mando de estas operaciones testimonia el compromiso del pa\u00eds en la defensa de los valores e intereses europeos en aguas internacionales, dispuesta a responder a cualquier amenaza a la seguridad mar\u00edtima.<\/p>\n<p><a href=\"http:\/\/www.marina.difesa.it\/noi-siamo-la-marina\/mezzi\/forze-navali\/Pagine\/Martinengo.aspx\"><img loading=\"lazy\" decoding=\"async\" class=\"img-fluid aligncenter wp-image-2735\" src=\"https:\/\/ambsantodomingo.esteri.it\/wp-content\/uploads\/2024\/02\/Screenshot-2-300x146.png\" alt=\"\" width=\"676\" height=\"329\" srcset=\"https:\/\/ambsantodomingo.esteri.it\/wp-content\/uploads\/2024\/02\/Screenshot-2-300x146.png 300w, https:\/\/ambsantodomingo.esteri.it\/wp-content\/uploads\/2024\/02\/Screenshot-2.png 761w\" sizes=\"auto, (max-width: 676px) 100vw, 676px\" \/><\/a><\/p>\n<p>&nbsp;<\/p>\n<p><a href=\"http:\/\/www.marina.difesa.it\/noi-siamo-la-marina\/mezzi\/forze-navali\/Pagine\/CaioDuilio.aspx\"><img loading=\"lazy\" decoding=\"async\" class=\" img-fluid aligncenter wp-image-2759\" src=\"https:\/\/ambsantodomingo.esteri.it\/wp-content\/uploads\/2024\/02\/Duilio-300x102.png\" alt=\"\" width=\"800\" height=\"272\" srcset=\"https:\/\/ambsantodomingo.esteri.it\/wp-content\/uploads\/2024\/02\/Duilio-300x102.png 300w, https:\/\/ambsantodomingo.esteri.it\/wp-content\/uploads\/2024\/02\/Duilio-1024x348.png 1024w, https:\/\/ambsantodomingo.esteri.it\/wp-content\/uploads\/2024\/02\/Duilio-768x261.png 768w, https:\/\/ambsantodomingo.esteri.it\/wp-content\/uploads\/2024\/02\/Duilio.png 1102w\" sizes=\"auto, (max-width: 800px) 100vw, 800px\" \/><\/a><\/p>\n<p>ANSA.<\/p>\n<p><strong>Foto: Marina Militare.<\/strong><\/p>\n","protected":false},"excerpt":{"rendered":"En el contexto de un renovado compromiso con la seguridad mar\u00edtima, a Italia se le ha asignado un papel de liderazgo en dos importantes misiones bajo los auspicios de la Uni\u00f3n Europea, reflejando la confianza y el reconocimiento de la competencia y la eficacia de sus fuerzas armadas. La Defensa italiana ha recibido el mandato [&hellip;]","protected":false},"author":4,"featured_media":2714,"comment_status":"closed","ping_status":"closed","sticky":false,"template":"","format":"standard","meta":{"footnotes":""},"tags":[],"class_list":["post-2720","post","type-post","status-publish","format-standard","has-post-thumbnail","hentry"],"_links":{"self":[{"href":"https:\/\/ambsantodomingo.esteri.it\/es\/wp-json\/wp\/v2\/posts\/2720","targetHints":{"allow":["GET"]}}],"collection":[{"href":"https:\/\/ambsantodomingo.esteri.it\/es\/wp-json\/wp\/v2\/posts"}],"about":[{"href":"https:\/\/ambsantodomingo.esteri.it\/es\/wp-json\/wp\/v2\/types\/post"}],"author":[{"embeddable":true,"href":"https:\/\/ambsantodomingo.esteri.it\/es\/wp-json\/wp\/v2\/users\/4"}],"replies":[{"embeddable":true,"href":"https:\/\/ambsantodomingo.esteri.it\/es\/wp-json\/wp\/v2\/comments?post=2720"}],"version-history":[{"count":6,"href":"https:\/\/ambsantodomingo.esteri.it\/es\/wp-json\/wp\/v2\/posts\/2720\/revisions"}],"predecessor-version":[{"id":2760,"href":"https:\/\/ambsantodomingo.esteri.it\/es\/wp-json\/wp\/v2\/posts\/2720\/revisions\/2760"}],"wp:featuredmedia":[{"embeddable":true,"href":"https:\/\/ambsantodomingo.esteri.it\/es\/wp-json\/wp\/v2\/media\/2714"}],"wp:attachment":[{"href":"https:\/\/ambsantodomingo.esteri.it\/es\/wp-json\/wp\/v2\/media?parent=2720"}],"wp:term":[{"taxonomy":"post_tag","embeddable":true,"href":"https:\/\/ambsantodomingo.esteri.it\/es\/wp-json\/wp\/v2\/tags?post=2720"}],"curies":[{"name":"wp","href":"https:\/\/api.w.org\/{rel}","templated":true}]}}