{"id":2798,"date":"2024-02-26T08:09:47","date_gmt":"2024-02-26T12:09:47","guid":{"rendered":"https:\/\/ambsantodomingo.esteri.it\/?p=2798"},"modified":"2024-02-26T08:13:26","modified_gmt":"2024-02-26T12:13:26","slug":"rep-dominicana-fiesta-de-la-primavera-en-la-embajada-de-italia","status":"publish","type":"post","link":"https:\/\/ambsantodomingo.esteri.it\/es\/news\/dall_ambasciata\/2024\/02\/rep-dominicana-fiesta-de-la-primavera-en-la-embajada-de-italia\/","title":{"rendered":"Rep. Dominicana: Fiesta de la Primavera en la Embajada de Italia"},"content":{"rendered":"<p>Se celebr\u00f3 en la residencia del Embajador de Italia en Santo Domingo, Stefano Queirolo Palmas, la tradicional recepci\u00f3n para la Fiesta de Primavera que, junto con el &#8216;D\u00eda del Dise\u00f1o&#8217;, suele abrir la actividad promocional italiana en la Rep\u00fablica Dominicana.<\/p>\n<p>El Ministro de Asuntos Exteriores, Roberto \u00c1lvarez, presente a t\u00edtulo extraordinario como manifestaci\u00f3n de cercan\u00eda a Italia, se\u00f1ala un comunicado, \u00absugiri\u00f3 una ulterior etapa de la colaboraci\u00f3n bilateral en materia de reforma de la diplomacia dominicana y dese\u00f3 el continuo fortalecimiento de la antigua amistad\u00bb entre los dos pa\u00edses.<\/p>\n<p>Tambi\u00e9n estuvieron presentes en el evento, el Ministro de Industria y Comercio, Victor Bison\u00f3, el Ministro de Universidad e Investigaci\u00f3n, Franklin Garc\u00eda Ferm\u00edn, adem\u00e1s del Viceministro de Defensa, el Almirante Ram\u00f3n Betances, el Jefe de Polic\u00eda, el General Ram\u00f3n Guzm\u00e1n, al Jefe del Estado Mayor de la Fuerza A\u00e9rea, General Carlos Febrillet, al Presidente de la DEA, Almirante Jos\u00e9 Cabrera, al Director General de los Museos, Carlos And\u00fajar, a la Directora General de Cine, Marianna Vargas, y a la Directora Europa del Ministerio de Asuntos Exteriores, Sachenka encarnaci\u00f3n.<\/p>\n<p>Tambi\u00e9n estuvo representado el cuerpo diplom\u00e1tico, con todos los Embajadores residentes del &#8216;Team Europe&#8217;, y \u00abNo han faltado los exponentes m\u00e1s representativos de la hist\u00f3rica presencia italiana en la isla: Felipe Vicini, de la Fundaci\u00f3n Inicia, Frank Rainieri, fundador del Grupo Puntacana, y Miguel Barletta, de Santo Domingo Motors.<\/p>\n<p>Adem\u00e1s, las instituciones de la colectividad han podido contar con el presidente de Casa Italia, Renzo Seravalle, la presidenta del Comites, Licia Colombo, el miembro Cgie, Paolo Dussich, y el presidente de la Academia de la Cocina Italiana, Enrico Soldati.<\/p>\n<p>Tambi\u00e9n estuvieron presentes la direcci\u00f3n de la C\u00e1mara de Comercio y las principales empresas italianas en el pa\u00eds: la cementera Domicem, los pueblos de vacaciones Viva, la l\u00ednea a\u00e9rea Neos, el astillero de Azimut-Benetti, la empresa constructora Ghella, el grupo Acea y el estudio de interiores CerArte.<\/p>\n<p><strong>ANSA.<\/strong><\/p>\n","protected":false},"excerpt":{"rendered":"Se celebr\u00f3 en la residencia del Embajador de Italia en Santo Domingo, Stefano Queirolo Palmas, la tradicional recepci\u00f3n para la Fiesta de Primavera que, junto con el &#8216;D\u00eda del Dise\u00f1o&#8217;, suele abrir la actividad promocional italiana en la Rep\u00fablica Dominicana. El Ministro de Asuntos Exteriores, Roberto \u00c1lvarez, presente a t\u00edtulo extraordinario como manifestaci\u00f3n de cercan\u00eda [&hellip;]","protected":false},"author":4,"featured_media":2793,"comment_status":"closed","ping_status":"closed","sticky":false,"template":"","format":"standard","meta":{"footnotes":""},"tags":[],"class_list":["post-2798","post","type-post","status-publish","format-standard","has-post-thumbnail","hentry"],"_links":{"self":[{"href":"https:\/\/ambsantodomingo.esteri.it\/es\/wp-json\/wp\/v2\/posts\/2798","targetHints":{"allow":["GET"]}}],"collection":[{"href":"https:\/\/ambsantodomingo.esteri.it\/es\/wp-json\/wp\/v2\/posts"}],"about":[{"href":"https:\/\/ambsantodomingo.esteri.it\/es\/wp-json\/wp\/v2\/types\/post"}],"author":[{"embeddable":true,"href":"https:\/\/ambsantodomingo.esteri.it\/es\/wp-json\/wp\/v2\/users\/4"}],"replies":[{"embeddable":true,"href":"https:\/\/ambsantodomingo.esteri.it\/es\/wp-json\/wp\/v2\/comments?post=2798"}],"version-history":[{"count":1,"href":"https:\/\/ambsantodomingo.esteri.it\/es\/wp-json\/wp\/v2\/posts\/2798\/revisions"}],"predecessor-version":[{"id":2801,"href":"https:\/\/ambsantodomingo.esteri.it\/es\/wp-json\/wp\/v2\/posts\/2798\/revisions\/2801"}],"wp:featuredmedia":[{"embeddable":true,"href":"https:\/\/ambsantodomingo.esteri.it\/es\/wp-json\/wp\/v2\/media\/2793"}],"wp:attachment":[{"href":"https:\/\/ambsantodomingo.esteri.it\/es\/wp-json\/wp\/v2\/media?parent=2798"}],"wp:term":[{"taxonomy":"post_tag","embeddable":true,"href":"https:\/\/ambsantodomingo.esteri.it\/es\/wp-json\/wp\/v2\/tags?post=2798"}],"curies":[{"name":"wp","href":"https:\/\/api.w.org\/{rel}","templated":true}]}}