{"id":3950,"date":"2025-01-07T15:30:48","date_gmt":"2025-01-07T19:30:48","guid":{"rendered":"https:\/\/ambsantodomingo.esteri.it\/news\/dall_ambasciata\/2025\/01\/celebrazione-del-228-anniversario-della-festa-del-tricolore\/"},"modified":"2025-01-14T16:36:05","modified_gmt":"2025-01-14T20:36:05","slug":"celebrazione-del-228-anniversario-della-festa-del-tricolore","status":"publish","type":"post","link":"https:\/\/ambsantodomingo.esteri.it\/es\/news\/dall_ambasciata\/2025\/01\/celebrazione-del-228-anniversario-della-festa-del-tricolore\/","title":{"rendered":"Celebraciones del 228\u00b0 anniversario de la Fiesta del Tricolor"},"content":{"rendered":"<p><img loading=\"lazy\" decoding=\"async\" class=\"alignnone size-medium wp-image-3945 img-fluid\" src=\"https:\/\/ambsantodomingo.esteri.it\/wp-content\/uploads\/2025\/01\/GettyImages-520189384-300x200.jpg\" alt=\"\" width=\"300\" height=\"200\" srcset=\"https:\/\/ambsantodomingo.esteri.it\/wp-content\/uploads\/2025\/01\/GettyImages-520189384-300x200.jpg 300w, https:\/\/ambsantodomingo.esteri.it\/wp-content\/uploads\/2025\/01\/GettyImages-520189384-1024x683.jpg 1024w, https:\/\/ambsantodomingo.esteri.it\/wp-content\/uploads\/2025\/01\/GettyImages-520189384-768x512.jpg 768w, https:\/\/ambsantodomingo.esteri.it\/wp-content\/uploads\/2025\/01\/GettyImages-520189384.jpg 1920w\" sizes=\"auto, (max-width: 300px) 100vw, 300px\" \/><\/p>\n<p>Hoy, 7 de enero, Italia celebra el <strong>D\u00eda Nacional de la Bandera<\/strong>, conocido tambi\u00e9n como la <strong>Fiesta del Tricolor<\/strong>, una conmemoraci\u00f3n que rinde homenaje a uno de los s\u00edmbolos m\u00e1s representativos de la Rep\u00fablica Italiana. La fecha recuerda el 7 de enero de 1797, d\u00eda en que el Parlamento de la reci\u00e9n nacida<strong> Rep\u00fablica Cispadana<\/strong>, el primer Estado soberano italiano, adopt\u00f3 oficialmente la bandera <strong>verde, blanca<\/strong> y <strong>roja,<\/strong> s\u00edmbolos respectivamente de <strong>esperanza de liberta<\/strong>d, <strong>fe<\/strong> y <strong>amor por la patria<\/strong>. El rojo tambi\u00e9n recuerda la sangre derramada por los ca\u00eddos en la lucha por la unidad de Italia.<\/p>\n<p>En 1947, con la aprobaci\u00f3n de la Constituci\u00f3n, el <strong>Tricolor con franjas verticales de igual tama\u00f1o<\/strong> fue incluido en el <strong>art\u00edculo 12<\/strong> como la bandera oficial de la Rep\u00fablica Italiana, convirti\u00e9ndose en el s\u00edmbolo de la libertad y la cohesi\u00f3n nacional.<\/p>\n<p>Durante las celebraciones de hoy, se rinde homenaje al Tricolor como emblema de la identidad italiana, que ha atravesado siglos de historia representando valores compartidos y la aspiraci\u00f3n a la unidad. La importancia de esta bandera no es solo simb\u00f3lica, sino que est\u00e1 profundamente conectada con la memoria hist\u00f3rica y los sacrificios de quienes lucharon por la libertad y la independencia del pa\u00eds.<\/p>\n<p><a href=\"https:\/\/www.quirinale.it\/elementi\/51508\">Las palabras del Presidente Mattarella sobre el valor fundamental del Tricolor<\/a><\/p>\n","protected":false},"excerpt":{"rendered":"Hoy, 7 de enero, Italia celebra el D\u00eda Nacional de la Bandera, conocido tambi\u00e9n como la Fiesta del Tricolor, una conmemoraci\u00f3n que rinde homenaje a uno de los s\u00edmbolos m\u00e1s representativos de la Rep\u00fablica Italiana. La fecha recuerda el 7 de enero de 1797, d\u00eda en que el Parlamento de la reci\u00e9n nacida Rep\u00fablica Cispadana, [&hellip;]","protected":false},"author":4,"featured_media":3945,"comment_status":"closed","ping_status":"closed","sticky":false,"template":"","format":"standard","meta":{"footnotes":""},"tags":[],"class_list":["post-3950","post","type-post","status-publish","format-standard","has-post-thumbnail","hentry"],"_links":{"self":[{"href":"https:\/\/ambsantodomingo.esteri.it\/es\/wp-json\/wp\/v2\/posts\/3950","targetHints":{"allow":["GET"]}}],"collection":[{"href":"https:\/\/ambsantodomingo.esteri.it\/es\/wp-json\/wp\/v2\/posts"}],"about":[{"href":"https:\/\/ambsantodomingo.esteri.it\/es\/wp-json\/wp\/v2\/types\/post"}],"author":[{"embeddable":true,"href":"https:\/\/ambsantodomingo.esteri.it\/es\/wp-json\/wp\/v2\/users\/4"}],"replies":[{"embeddable":true,"href":"https:\/\/ambsantodomingo.esteri.it\/es\/wp-json\/wp\/v2\/comments?post=3950"}],"version-history":[{"count":2,"href":"https:\/\/ambsantodomingo.esteri.it\/es\/wp-json\/wp\/v2\/posts\/3950\/revisions"}],"predecessor-version":[{"id":3954,"href":"https:\/\/ambsantodomingo.esteri.it\/es\/wp-json\/wp\/v2\/posts\/3950\/revisions\/3954"}],"wp:featuredmedia":[{"embeddable":true,"href":"https:\/\/ambsantodomingo.esteri.it\/es\/wp-json\/wp\/v2\/media\/3945"}],"wp:attachment":[{"href":"https:\/\/ambsantodomingo.esteri.it\/es\/wp-json\/wp\/v2\/media?parent=3950"}],"wp:term":[{"taxonomy":"post_tag","embeddable":true,"href":"https:\/\/ambsantodomingo.esteri.it\/es\/wp-json\/wp\/v2\/tags?post=3950"}],"curies":[{"name":"wp","href":"https:\/\/api.w.org\/{rel}","templated":true}]}}