{"id":4188,"date":"2025-02-26T13:22:41","date_gmt":"2025-02-26T17:22:41","guid":{"rendered":"https:\/\/ambsantodomingo.esteri.it\/news\/dall_ambasciata\/2025\/02\/costa-crociere-accolta-a-la-romana-dallamb-queirolo-palmas\/"},"modified":"2025-02-26T13:40:28","modified_gmt":"2025-02-26T17:40:28","slug":"costa-crociere-accolta-a-la-romana-dallamb-queirolo-palmas","status":"publish","type":"post","link":"https:\/\/ambsantodomingo.esteri.it\/es\/news\/dall_ambasciata\/2025\/02\/costa-crociere-accolta-a-la-romana-dallamb-queirolo-palmas\/","title":{"rendered":"Costa Crociere recibida en La Romana por el Embajador Queirolo Palmas"},"content":{"rendered":"<p data-start=\"68\" data-end=\"744\">El puerto de cruceros de La Romana fue el escenario de una recepci\u00f3n exclusiva a bordo del Costa Fascinosa, un evento organizado conjuntamente por la Embajada de Italia en Santo Domingo y Costa Crociere.<br data-start=\"275\" data-end=\"278\" \/>La iniciativa consolida un formato ya experimentado en otros barcos del grupo y marc\u00f3 un importante precedente para el puerto de La Romana, dado que los eventos anteriores se hab\u00edan celebrado en el puerto de San Souci en Santo Domingo.<br data-start=\"513\" data-end=\"516\" \/>La ocasi\u00f3n represent\u00f3 una vitrina para la excelencia italiana no solo en el turismo de cruceros, sino tambi\u00e9n en la construcci\u00f3n naval, subrayando el papel estrat\u00e9gico de los cruceros para la econom\u00eda de la Rep\u00fablica Dominicana.<\/p>\n<p data-start=\"746\" data-end=\"999\">Este sector, de hecho, contribuye a generar aproximadamente una quinta parte del total de los visitantes internacionales en el pa\u00eds.<br data-start=\"878\" data-end=\"881\" \/>La participaci\u00f3n fue amplia y diversificada, involucrando a representantes de instituciones locales e internacionales.<\/p>\n<p data-start=\"1001\" data-end=\"3031\">Entre las personalidades presentes se encontraban el director general de la Polic\u00eda Dominicana, el jefe de Interpol, el jefe de inteligencia militar, el comodoro de los Auxiliares Navales, la Embajadora de Francia y el Embajador de Costa Rica \u2013 este \u00faltimo Vice Decano del Cuerpo Diplom\u00e1tico. No falt\u00f3 una fuerte representaci\u00f3n italiana, con la Presidenta del Comites, el Delegado del Cgie y el director Sergio Gobbi, junto a los miembros de la red consular honoraria italiana en la isla.<br data-start=\"1489\" data-end=\"1492\" \/>La recepci\u00f3n se abri\u00f3 con un elegante c\u00f3ctel de bienvenida, durante el cual se pronunciaron discursos institucionales. El comandante del Costa Fascinosa dio una c\u00e1lida bienvenida a los invitados, seguido por el Director del Puerto de La Romana, Andr\u00e9s Fern\u00e1ndez, quien destac\u00f3 el impacto positivo de Costa en el desarrollo del distrito tur\u00edstico de La Romana, uno de los pocos destinos caribe\u00f1os en los que el puerto de cruceros est\u00e1 a menos de diez minutos de un aeropuerto internacional.<br data-start=\"1981\" data-end=\"1984\" \/>La directora del Segmento Mar\u00edtimo del Ministerio de Turismo, Ana V\u00edlchez, reiter\u00f3 el papel crucial del turismo de cruceros en la econom\u00eda dominicana. A continuaci\u00f3n, Dario Rustico, director general para las Am\u00e9ricas de Costa Crociere, agradeci\u00f3 a la Embajada Italiana por el valioso apoyo en el crecimiento de la marca en la regi\u00f3n del Caribe.<br data-start=\"2328\" data-end=\"2331\" \/>El discurso de cierre fue pronunciado por el Embajador de Italia, Stefano Queirolo Palmas, quien destac\u00f3 el excelente estado de las relaciones bilaterales entre Italia y la Rep\u00fablica Dominicana. El Embajador tambi\u00e9n record\u00f3 la significativa contribuci\u00f3n de la di\u00e1spora dominicana en el sector de la construcci\u00f3n naval italiana. En los astilleros del distrito de La Spezia, de hecho, muchos trabajadores dominicanos participan en la realizaci\u00f3n de productos de excelencia del Made in Italy.<br data-start=\"2820\" data-end=\"2823\" \/>El evento represent\u00f3 un momento importante de consolidaci\u00f3n de los lazos entre Italia y la Rep\u00fablica Dominicana, con un enfoque particular en el sector de los cruceros, pilar de las econom\u00edas de ambos pa\u00edses.<\/p>\n<p>https:\/\/www.ansa.it\/sito\/notizie\/mondo\/news_dalle_ambasciate\/2025\/02\/25\/costa-crociere-accolta-a-la-romana-dallamb.-queirolo-palmas_65e4a4c4-0d2e-4741-8799-fa54e0d8939c.html<\/p>\n","protected":false},"excerpt":{"rendered":"El puerto de cruceros de La Romana fue el escenario de una recepci\u00f3n exclusiva a bordo del Costa Fascinosa, un evento organizado conjuntamente por la Embajada de Italia en Santo Domingo y Costa Crociere.La iniciativa consolida un formato ya experimentado en otros barcos del grupo y marc\u00f3 un importante precedente para el puerto de La [&hellip;]","protected":false},"author":4,"featured_media":4190,"comment_status":"closed","ping_status":"closed","sticky":false,"template":"","format":"standard","meta":{"footnotes":""},"tags":[8],"class_list":["post-4188","post","type-post","status-publish","format-standard","has-post-thumbnail","hentry","tag-diplomazia-economica"],"_links":{"self":[{"href":"https:\/\/ambsantodomingo.esteri.it\/es\/wp-json\/wp\/v2\/posts\/4188","targetHints":{"allow":["GET"]}}],"collection":[{"href":"https:\/\/ambsantodomingo.esteri.it\/es\/wp-json\/wp\/v2\/posts"}],"about":[{"href":"https:\/\/ambsantodomingo.esteri.it\/es\/wp-json\/wp\/v2\/types\/post"}],"author":[{"embeddable":true,"href":"https:\/\/ambsantodomingo.esteri.it\/es\/wp-json\/wp\/v2\/users\/4"}],"replies":[{"embeddable":true,"href":"https:\/\/ambsantodomingo.esteri.it\/es\/wp-json\/wp\/v2\/comments?post=4188"}],"version-history":[{"count":2,"href":"https:\/\/ambsantodomingo.esteri.it\/es\/wp-json\/wp\/v2\/posts\/4188\/revisions"}],"predecessor-version":[{"id":4192,"href":"https:\/\/ambsantodomingo.esteri.it\/es\/wp-json\/wp\/v2\/posts\/4188\/revisions\/4192"}],"wp:featuredmedia":[{"embeddable":true,"href":"https:\/\/ambsantodomingo.esteri.it\/es\/wp-json\/wp\/v2\/media\/4190"}],"wp:attachment":[{"href":"https:\/\/ambsantodomingo.esteri.it\/es\/wp-json\/wp\/v2\/media?parent=4188"}],"wp:term":[{"taxonomy":"post_tag","embeddable":true,"href":"https:\/\/ambsantodomingo.esteri.it\/es\/wp-json\/wp\/v2\/tags?post=4188"}],"curies":[{"name":"wp","href":"https:\/\/api.w.org\/{rel}","templated":true}]}}