{"id":4364,"date":"2025-03-19T14:47:41","date_gmt":"2025-03-19T18:47:41","guid":{"rendered":"https:\/\/ambsantodomingo.esteri.it\/?p=4364"},"modified":"2025-03-19T14:50:51","modified_gmt":"2025-03-19T18:50:51","slug":"4364","status":"publish","type":"post","link":"https:\/\/ambsantodomingo.esteri.it\/es\/news\/dall_ambasciata\/2025\/03\/4364\/","title":{"rendered":"La FARD organiza la recepci\u00f3n de 10 nuevas aeronaves."},"content":{"rendered":"<p data-start=\"0\" data-end=\"593\">Santo Domingo, 18 de marzo de 2025 &#8211; La <strong>Fuerza A\u00e9rea de la Rep\u00fablica Dominicana (FARD)<\/strong> ha iniciado las pruebas de vuelo de su quinto avi\u00f3n <strong>TP-75 Dulus<\/strong>, un modelo de <strong>entrenamiento y patrullaje<\/strong>, parte de una compra total de 10 aeronaves de la compa\u00f1\u00eda <strong>Flying Legend en 2022.<\/strong> Los aviones, ensamblados en la Base A\u00e9rea de San Isidro, est\u00e1n destinados a misiones de vigilancia y entrenamiento avanzado. Cinco de estos aviones ya est\u00e1n operativos en la flota de la FARD, lo que representa la mitad de la compra total. Las tres primeras unidades han sido asignadas al Escuadr\u00f3n de Combate \u201cDragones\u201d.<\/p>\n<p data-start=\"595\" data-end=\"1050\" data-is-last-node=\"\" data-is-only-node=\"\">El <strong>TP-75 Dulus<\/strong>, fabricado en <strong>aluminio,<\/strong> est\u00e1 equipado con un motor Rotax 915iS de 141 caballos de fuerza, lo que le permite alcanzar una velocidad m\u00e1xima de<strong> 287 km\/h<\/strong> y una autonom\u00eda de <strong>1.166 km<\/strong>. Aunque originalmente dise\u00f1ado para el turismo deportivo, ha sido modificado para incluir <strong>sensores de vigilancia<\/strong>, como c\u00e1maras termogr\u00e1ficas FLIR, para tareas de reconocimiento y patrullaje. Los nuevos aviones mantienen la caracter\u00edstica pintura gris de la FARD.<\/p>\n<p data-start=\"595\" data-end=\"1050\" data-is-last-node=\"\" data-is-only-node=\"\">Fuente: <a href=\"https:\/\/eldia.com.do\/fard-coordina-recepcion-de-10-nuevas-aeronaves\/\">FARD coordina recepci\u00f3n de 10 nuevas aeronaves<\/a><\/p>\n","protected":false},"excerpt":{"rendered":"Santo Domingo, 18 de marzo de 2025 &#8211; La Fuerza A\u00e9rea de la Rep\u00fablica Dominicana (FARD) ha iniciado las pruebas de vuelo de su quinto avi\u00f3n TP-75 Dulus, un modelo de entrenamiento y patrullaje, parte de una compra total de 10 aeronaves de la compa\u00f1\u00eda Flying Legend en 2022. Los aviones, ensamblados en la Base [&hellip;]","protected":false},"author":4,"featured_media":4362,"comment_status":"closed","ping_status":"closed","sticky":false,"template":"","format":"standard","meta":{"footnotes":""},"tags":[8],"class_list":["post-4364","post","type-post","status-publish","format-standard","has-post-thumbnail","hentry","tag-diplomazia-economica"],"_links":{"self":[{"href":"https:\/\/ambsantodomingo.esteri.it\/es\/wp-json\/wp\/v2\/posts\/4364","targetHints":{"allow":["GET"]}}],"collection":[{"href":"https:\/\/ambsantodomingo.esteri.it\/es\/wp-json\/wp\/v2\/posts"}],"about":[{"href":"https:\/\/ambsantodomingo.esteri.it\/es\/wp-json\/wp\/v2\/types\/post"}],"author":[{"embeddable":true,"href":"https:\/\/ambsantodomingo.esteri.it\/es\/wp-json\/wp\/v2\/users\/4"}],"replies":[{"embeddable":true,"href":"https:\/\/ambsantodomingo.esteri.it\/es\/wp-json\/wp\/v2\/comments?post=4364"}],"version-history":[{"count":2,"href":"https:\/\/ambsantodomingo.esteri.it\/es\/wp-json\/wp\/v2\/posts\/4364\/revisions"}],"predecessor-version":[{"id":4367,"href":"https:\/\/ambsantodomingo.esteri.it\/es\/wp-json\/wp\/v2\/posts\/4364\/revisions\/4367"}],"wp:featuredmedia":[{"embeddable":true,"href":"https:\/\/ambsantodomingo.esteri.it\/es\/wp-json\/wp\/v2\/media\/4362"}],"wp:attachment":[{"href":"https:\/\/ambsantodomingo.esteri.it\/es\/wp-json\/wp\/v2\/media?parent=4364"}],"wp:term":[{"taxonomy":"post_tag","embeddable":true,"href":"https:\/\/ambsantodomingo.esteri.it\/es\/wp-json\/wp\/v2\/tags?post=4364"}],"curies":[{"name":"wp","href":"https:\/\/api.w.org\/{rel}","templated":true}]}}