{"id":4445,"date":"2025-03-31T16:08:32","date_gmt":"2025-03-31T20:08:32","guid":{"rendered":"https:\/\/ambsantodomingo.esteri.it\/news\/dall_ambasciata\/2025\/03\/importanti-novita-normative-in-materia-di-cittadinanza-iure-sanguinis\/"},"modified":"2025-04-11T11:39:19","modified_gmt":"2025-04-11T15:39:19","slug":"importanti-novita-normative-in-materia-di-cittadinanza-iure-sanguinis","status":"publish","type":"post","link":"https:\/\/ambsantodomingo.esteri.it\/es\/news\/dall_ambasciata\/2025\/03\/importanti-novita-normative-in-materia-di-cittadinanza-iure-sanguinis\/","title":{"rendered":"Importantes novedades normativas en materia de ciudadan\u00eda \u00abiure sanguinis\u00bb. Suspensi\u00f3n de citas y transcripciones de actas de nacimiento"},"content":{"rendered":"<header>\n<div class=\"flex max-w-full flex-col flex-grow\">\n<div class=\"min-h-8 text-message relative flex w-full flex-col items-end gap-2 whitespace-normal break-words text-start [.text-message+&amp;]:mt-5\" dir=\"auto\" data-message-author-role=\"assistant\" data-message-id=\"f933ae8b-6cc9-46e7-a741-e5fadcc00b63\" data-message-model-slug=\"gpt-4o\">\n<div class=\"flex w-full flex-col gap-1 empty:hidden first:pt-[3px]\">\n<div class=\"markdown prose w-full break-words dark:prose-invert light\">\n<p class=\"\" data-start=\"0\" data-end=\"91\"><strong data-start=\"0\" data-end=\"89\">El Consejo de Ministros aprueba modificaciones a la ley de ciudadan\u00eda \u201cius sanguinis\u201d<\/strong><\/p>\n<p class=\"\" data-start=\"93\" data-end=\"814\">El Consejo de Ministros adopt\u00f3 el pasado 28 de marzo el \u201cpaquete ciudadan\u00eda\u201d, un conjunto de medidas legislativas propuestas por el Ministerio de Asuntos Exteriores y Cooperaci\u00f3n Internacional para reformar la normativa en materia de ciudadan\u00eda. El objetivo de las medidas adoptadas es fortalecer el v\u00ednculo efectivo entre Italia y el ciudadano en el extranjero. El Ministro de Asuntos Exteriores, Antonio Tajani, aclar\u00f3 que \u201cel principio del <em data-start=\"536\" data-end=\"551\">ius sanguinis<\/em> no desaparecer\u00e1 y muchos descendientes de emigrantes a\u00fan podr\u00e1n obtener la ciudadan\u00eda italiana, pero se establecer\u00e1n l\u00edmites precisos, especialmente para evitar abusos o fen\u00f3menos de \u2018comercializaci\u00f3n\u2019 de pasaportes italianos. La ciudadan\u00eda debe ser algo serio\u201d.<\/p>\n<p class=\"\" data-start=\"816\" data-end=\"1241\">De hecho, en los \u00faltimos a\u00f1os, los pa\u00edses con mayor emigraci\u00f3n italiana han experimentado un fuerte incremento en los reconocimientos de ciudadan\u00eda. Desde finales de 2014 hasta finales de 2024, los ciudadanos residentes en el extranjero pasaron de aproximadamente 4,6 millones a 6,4 millones: un aumento del 40 % en 10 a\u00f1os. Los procedimientos judiciales pendientes para el reconocimiento de la ciudadan\u00eda superan los 60.000.<\/p>\n<p class=\"\" data-start=\"1243\" data-end=\"1614\">Por ejemplo, Argentina pas\u00f3 de unos 20.000 reconocimientos en 2023 a 30.000 al a\u00f1o siguiente. Brasil pas\u00f3 de m\u00e1s de 14.000 en 2022 a 20.000 el a\u00f1o pasado. Venezuela registr\u00f3 casi 8.000 reconocimientos en 2023. Los descendientes de italianos en el mundo que podr\u00edan solicitar el reconocimiento de la ciudadan\u00eda con la ley vigente son potencialmente entre 60 y 80 millones.<\/p>\n<p class=\"\" data-start=\"1616\" data-end=\"2127\">La reforma liberar\u00e1 recursos para hacer m\u00e1s eficientes los servicios consulares, permitiendo que estos puedan dedicarse exclusivamente a quienes tengan una necesidad real, en virtud de su v\u00ednculo concreto con Italia. El sistema actual afecta negativamente la eficiencia de las oficinas administrativas o judiciales italianas, que est\u00e1n bajo presi\u00f3n debido a quienes acuden a Italia solo para intentar acelerar el proceso de reconocimiento de la ciudadan\u00eda, lo que tambi\u00e9n alimenta fraudes o pr\u00e1cticas indebidas.<\/p>\n<p class=\"\" data-start=\"2129\" data-end=\"2382\">Para lograr este objetivo, se proceder\u00e1 en dos fases: algunas normas entrar\u00e1n en vigor de inmediato mediante decreto-ley y, posteriormente, se proceder\u00e1 a una reforma integral de los requisitos sustanciales y los procedimientos en materia de ciudadan\u00eda.<\/p>\n<p class=\"\" data-start=\"2384\" data-end=\"2813\">El decreto-ley aprobado (el texto est\u00e1 disponible en el siguiente enlace: <a class=\"\" href=\"http:\/\/www.gazzettaufficiale.it\/eli\/id\/2025\/03\/28\/25G00049\/sg\" target=\"_new\" rel=\"noopener\" data-start=\"2458\" data-end=\"2577\">www.gazzettaufficiale.it\/eli\/id\/2025\/03\/28\/25G00049\/sg<\/a>) establece que los descendientes de italianos nacidos en el extranjero ser\u00e1n autom\u00e1ticamente ciudadanos solo por dos generaciones: solo quienes tengan al menos un padre o un abuelo nacido en Italia ser\u00e1n ciudadanos desde el nacimiento.<\/p>\n<p class=\"\" data-start=\"2815\" data-end=\"3221\">En la segunda fase, con un primer proyecto de ley (tambi\u00e9n aprobado el 28 de marzo), se introducir\u00e1n modificaciones sustanciales m\u00e1s profundas a la ley de ciudadan\u00eda. Se exigir\u00e1, en primer lugar, que los ciudadanos nacidos y residentes en el extranjero mantengan v\u00ednculos reales con nuestro pa\u00eds a lo largo del tiempo, ejerciendo los derechos y deberes del ciudadano al menos una vez cada veinticinco a\u00f1os.<\/p>\n<p class=\"\" data-start=\"3223\" data-end=\"3796\">La reforma se completa con un segundo proyecto de ley que tambi\u00e9n revisa los procedimientos para el reconocimiento de la ciudadan\u00eda. Los residentes en el extranjero ya no acudir\u00e1n a los consulados, sino a una oficina especial centralizada en la Farnesina. Habr\u00e1 un per\u00edodo de transici\u00f3n de aproximadamente un a\u00f1o para la organizaci\u00f3n de esta oficina. La intenci\u00f3n es hacer m\u00e1s eficientes los procedimientos, logrando evidentes econom\u00edas de escala. Los consulados deber\u00e1n centrarse en la prestaci\u00f3n de servicios a quienes ya son ciudadanos y no en \u201ccrear\u201d nuevos ciudadanos.<\/p>\n<p class=\"\" data-start=\"3798\" data-end=\"4135\">El decreto tambi\u00e9n incluye otras medidas para mejorar y modernizar la prestaci\u00f3n de servicios: legalizaciones, registro civil, pasaportes, documentos de identidad v\u00e1lidos para viajar al extranjero. Adem\u00e1s, se prev\u00e9n medidas organizativas para poner la estructura de la Farnesina cada vez m\u00e1s al servicio de los ciudadanos y las empresas.<\/p>\n<p class=\"\" data-start=\"4415\" data-end=\"4563\">\n<\/div>\n<\/div>\n<\/div>\n<\/div>\n<\/header>\n","protected":false},"excerpt":{"rendered":"El Consejo de Ministros aprueba modificaciones a la ley de ciudadan\u00eda \u201cius sanguinis\u201d El Consejo de Ministros adopt\u00f3 el pasado 28 de marzo el \u201cpaquete ciudadan\u00eda\u201d, un conjunto de medidas legislativas propuestas por el Ministerio de Asuntos Exteriores y Cooperaci\u00f3n Internacional para reformar la normativa en materia de ciudadan\u00eda. El objetivo de las medidas adoptadas [&hellip;]","protected":false},"author":4,"featured_media":0,"comment_status":"closed","ping_status":"closed","sticky":false,"template":"","format":"standard","meta":{"footnotes":""},"tags":[],"class_list":["post-4445","post","type-post","status-publish","format-standard","hentry"],"_links":{"self":[{"href":"https:\/\/ambsantodomingo.esteri.it\/es\/wp-json\/wp\/v2\/posts\/4445","targetHints":{"allow":["GET"]}}],"collection":[{"href":"https:\/\/ambsantodomingo.esteri.it\/es\/wp-json\/wp\/v2\/posts"}],"about":[{"href":"https:\/\/ambsantodomingo.esteri.it\/es\/wp-json\/wp\/v2\/types\/post"}],"author":[{"embeddable":true,"href":"https:\/\/ambsantodomingo.esteri.it\/es\/wp-json\/wp\/v2\/users\/4"}],"replies":[{"embeddable":true,"href":"https:\/\/ambsantodomingo.esteri.it\/es\/wp-json\/wp\/v2\/comments?post=4445"}],"version-history":[{"count":4,"href":"https:\/\/ambsantodomingo.esteri.it\/es\/wp-json\/wp\/v2\/posts\/4445\/revisions"}],"predecessor-version":[{"id":4611,"href":"https:\/\/ambsantodomingo.esteri.it\/es\/wp-json\/wp\/v2\/posts\/4445\/revisions\/4611"}],"wp:attachment":[{"href":"https:\/\/ambsantodomingo.esteri.it\/es\/wp-json\/wp\/v2\/media?parent=4445"}],"wp:term":[{"taxonomy":"post_tag","embeddable":true,"href":"https:\/\/ambsantodomingo.esteri.it\/es\/wp-json\/wp\/v2\/tags?post=4445"}],"curies":[{"name":"wp","href":"https:\/\/api.w.org\/{rel}","templated":true}]}}