{"id":4522,"date":"2025-04-02T16:09:17","date_gmt":"2025-04-02T20:09:17","guid":{"rendered":"https:\/\/ambsantodomingo.esteri.it\/news\/dall_ambasciata\/2025\/04\/la-collezione-farnesina-fruibile-su-google-arts-culture\/"},"modified":"2025-04-02T16:50:12","modified_gmt":"2025-04-02T20:50:12","slug":"la-collezione-farnesina-fruibile-su-google-arts-culture","status":"publish","type":"post","link":"https:\/\/ambsantodomingo.esteri.it\/es\/news\/dall_ambasciata\/2025\/04\/la-collezione-farnesina-fruibile-su-google-arts-culture\/","title":{"rendered":"LA COLECCI\u00d3N FARNESINA DISPONIBLE EN GOOGLE ARTS &#038; CULTURE"},"content":{"rendered":"<p class=\"\" data-start=\"48\" data-end=\"273\"><strong data-start=\"48\" data-end=\"273\">ROMA, 02 ABR &#8211; Las obras de la Colecci\u00f3n Farnesina, que re\u00fane lo mejor de la historia del arte italiano del siglo XX y XXI, pueden ser admiradas tambi\u00e9n en l\u00ednea a trav\u00e9s de la plataforma multimedia Google Arts &amp; Culture.<\/strong><\/p>\n<p class=\"\" data-start=\"275\" data-end=\"500\">El proyecto de digitalizaci\u00f3n de la colecci\u00f3n, iniciado en 2016 entre el Ministerio de Asuntos Exteriores y Google Arts &amp; Culture, y renovado en 2020, ha sido actualizado y presentado hoy durante un encuentro en la Farnesina.<\/p>\n<p class=\"\" data-start=\"502\" data-end=\"794\">El objetivo es dar visibilidad global a una selecci\u00f3n de obras expuestas en las salas del Ministerio, desde Balla hasta De Chirico, de Carr\u00e0 a Sironi, y tambi\u00e9n Burri, Fontana, Pistoletto, Schifano y Vespignani, combinando la valorizaci\u00f3n del arte con las tecnolog\u00edas digitales m\u00e1s avanzadas.<\/p>\n<p class=\"\" data-start=\"796\" data-end=\"1321\">\u201cComo parte de una estrategia m\u00e1s amplia de digitalizaci\u00f3n del patrimonio art\u00edstico, destinada a garantizar la m\u00e1xima accesibilidad a las obras de la Colecci\u00f3n y a promover el conocimiento del arte italiano m\u00e1s all\u00e1 de las fronteras nacionales \u2013 explic\u00f3 el Director General para la Diplomacia P\u00fablica y Cultural del Ministerio, Alessandro De Pedys \u2013 en 2016 dimos vida a una alianza con Google, gracias a la cual la Farnesina pudo crear un archivo digital que ofrece a los visitantes una experiencia inmersiva e interactiva\u201d.<\/p>\n<p class=\"\" data-start=\"1323\" data-end=\"1538\">Hoy en d\u00eda, el visitante puede \u201crecorrer\u201d las salas de exposici\u00f3n desde cualquier parte del mundo, realizando un tour virtual de 360 grados por los espacios expositivos gracias a la tecnolog\u00eda de Google Street View.<\/p>\n<p class=\"\" data-start=\"1540\" data-end=\"1931\">La cultura, a\u00f1adi\u00f3 De Pedys, \u201ces un activo estrat\u00e9gico de la pol\u00edtica exterior de nuestro pa\u00eds y el arte contempor\u00e1neo, en particular, siempre ha sido para nosotros una herramienta de di\u00e1logo intercultural y una palanca para promover la imagen de Italia en el mundo, no solo a trav\u00e9s de sus excelencias art\u00edsticas, sino tambi\u00e9n gracias a la innovaci\u00f3n tecnol\u00f3gica que amplifica su difusi\u00f3n\u201d.<\/p>\n<p class=\"\" data-start=\"1933\" data-end=\"2359\">\u201cCon la Pocket Gallery 3D, que hoy incluye casi 400 obras de la Colecci\u00f3n Farnesina \u2013 continu\u00f3 De Pedys \u2013 es posible vivir una experiencia de visita inmersiva al arte mediante una exposici\u00f3n virtual interactiva que utiliza la realidad aumentada para crear una experiencia innovadora. Las im\u00e1genes en ultra alta resoluci\u00f3n (7 gigap\u00edxeles) permiten observar cada detalle de las obras, destacando su calidad y t\u00e9cnica ejecutiva\u201d.<\/p>\n<p class=\"\" data-start=\"2361\" data-end=\"2678\">Entre las obras digitalizadas, ocupa un lugar destacado el ciclo <em data-start=\"2426\" data-end=\"2449\">Impresiones de guerra<\/em> (1917-1918) de Giulio Aristide Sartorio, un testimonio pict\u00f3rico de la Gran Guerra, originalmente expuesto en Brasil en los a\u00f1os 20 y recuperado gracias a la intervenci\u00f3n del Ministerio de Asuntos Exteriores en los a\u00f1os noventa.<\/p>\n<p class=\"\" data-start=\"2680\" data-end=\"3218\">El proyecto con Google Arts &amp; Culture quiere subrayar que \u201cel arte no es solo un patrimonio que se debe conservar, sino tambi\u00e9n un medio para contar Italia en el mundo, destacando su capacidad de innovar y dialogar con diferentes culturas \u2013 concluy\u00f3 De Pedys \u2013 Hoy m\u00e1s que nunca, la promoci\u00f3n del arte y la creatividad italiana representa un valor a\u00f1adido para la imagen del pa\u00eds, contribuyendo a fortalecer los v\u00ednculos con las instituciones culturales internacionales y a fomentar el crecimiento del sector art\u00edstico y creativo\u201d. (ANSA)<\/p>\n","protected":false},"excerpt":{"rendered":"ROMA, 02 ABR &#8211; Las obras de la Colecci\u00f3n Farnesina, que re\u00fane lo mejor de la historia del arte italiano del siglo XX y XXI, pueden ser admiradas tambi\u00e9n en l\u00ednea a trav\u00e9s de la plataforma multimedia Google Arts &amp; Culture. El proyecto de digitalizaci\u00f3n de la colecci\u00f3n, iniciado en 2016 entre el Ministerio de [&hellip;]","protected":false},"author":4,"featured_media":0,"comment_status":"closed","ping_status":"closed","sticky":false,"template":"","format":"standard","meta":{"footnotes":""},"tags":[],"class_list":["post-4522","post","type-post","status-publish","format-standard","hentry"],"_links":{"self":[{"href":"https:\/\/ambsantodomingo.esteri.it\/es\/wp-json\/wp\/v2\/posts\/4522","targetHints":{"allow":["GET"]}}],"collection":[{"href":"https:\/\/ambsantodomingo.esteri.it\/es\/wp-json\/wp\/v2\/posts"}],"about":[{"href":"https:\/\/ambsantodomingo.esteri.it\/es\/wp-json\/wp\/v2\/types\/post"}],"author":[{"embeddable":true,"href":"https:\/\/ambsantodomingo.esteri.it\/es\/wp-json\/wp\/v2\/users\/4"}],"replies":[{"embeddable":true,"href":"https:\/\/ambsantodomingo.esteri.it\/es\/wp-json\/wp\/v2\/comments?post=4522"}],"version-history":[{"count":2,"href":"https:\/\/ambsantodomingo.esteri.it\/es\/wp-json\/wp\/v2\/posts\/4522\/revisions"}],"predecessor-version":[{"id":4527,"href":"https:\/\/ambsantodomingo.esteri.it\/es\/wp-json\/wp\/v2\/posts\/4522\/revisions\/4527"}],"wp:attachment":[{"href":"https:\/\/ambsantodomingo.esteri.it\/es\/wp-json\/wp\/v2\/media?parent=4522"}],"wp:term":[{"taxonomy":"post_tag","embeddable":true,"href":"https:\/\/ambsantodomingo.esteri.it\/es\/wp-json\/wp\/v2\/tags?post=4522"}],"curies":[{"name":"wp","href":"https:\/\/api.w.org\/{rel}","templated":true}]}}