{"id":4682,"date":"2025-04-28T13:40:46","date_gmt":"2025-04-28T17:40:46","guid":{"rendered":"https:\/\/ambsantodomingo.esteri.it\/news\/dall_ambasciata\/2025\/04\/22esimo-anniversario-della-casa-famiglia-nuestros-pequenos-hermanos-in-presenza-di-raoul-bova\/"},"modified":"2025-05-12T08:41:17","modified_gmt":"2025-05-12T12:41:17","slug":"22esimo-anniversario-della-casa-famiglia-nuestros-pequenos-hermanos-in-presenza-di-raoul-bova","status":"publish","type":"post","link":"https:\/\/ambsantodomingo.esteri.it\/es\/news\/dall_ambasciata\/2025\/04\/22esimo-anniversario-della-casa-famiglia-nuestros-pequenos-hermanos-in-presenza-di-raoul-bova\/","title":{"rendered":"22esimo aniversario del hogar &#8216;Nuestros Peque\u00f1os Hermanos&#8217;, con la presencia de Raoul Bova"},"content":{"rendered":"<p class=\"\" data-start=\"134\" data-end=\"380\">El pasado s\u00e1bado 26 de abril de 2025 se llevaron a cabo las celebraciones del vig\u00e9simo segundo aniversario del hogar \u201cNuestros Peque\u00f1os Hermanos\u201d (NPH) \/ Fundaci\u00f3n Francesca Rava Rep\u00fablica Dominicana, ubicado en la ciudad de San Pedro de Macor\u00eds.<\/p>\n<p class=\"\" data-start=\"382\" data-end=\"1388\">La Fundaci\u00f3n acoge a m\u00e1s de 200 ni\u00f1os provenientes de contextos sociales desfavorecidos y perif\u00e9ricos, ofreci\u00e9ndoles mejores perspectivas de vida en hogares de gesti\u00f3n familiar y acceso a servicios educativos y sanitarios. La estructura \u2014una especie de ciudad ideal para j\u00f3venes, en medio de latifundios de ca\u00f1a de az\u00facar, donde se respira una atm\u00f3sfera id\u00edlica y donde cada uno desempe\u00f1a un papel acorde a sus inclinaciones\u2014 fue realizada gracias al dise\u00f1o ofrecido por el Ing. Renzo Serravalle, Presidente de la Asociaci\u00f3n \u201cCasa d\u2019Italia\u201d de Santo Domingo, y cuenta con el apoyo activo de numerosos voluntarios y donaciones tanto a nivel nacional como internacional. Una importante ampliaci\u00f3n del terreno fue donada hace a\u00f1os por el entonces Presidente de la Rep\u00fablica Dominicana, Danilo Medina, y el Arzobispado de San Pedro garantiza ulteriores facilidades. La Fundaci\u00f3n Marco Simoncelli de Riccione, que conmemora al piloto de Moto GP tr\u00e1gicamente fallecido, tambi\u00e9n ha brindado un apoyo significativo.<\/p>\n<p class=\"\" data-start=\"1390\" data-end=\"1624\">Recientemente, el centro se ha convertido en sede de un proyecto piloto para la ense\u00f1anza de la lengua y cultura italianas, posible gracias a un financiamiento p\u00fablico indirecto, a trav\u00e9s de la Universidad UCE, vinculada a UniFirenze.<\/p>\n<p class=\"\" data-start=\"1626\" data-end=\"2015\">Asistieron a la ceremonia el Embajador de Italia, Stefano Queirolo Palmas; el actor Raoul Bova, quien actualmente realiza un per\u00edodo de voluntariado en la estructura; el Vicepresidente de NPH Internacional, Ing. Michelangelo Cambiaso; el Director de NPH Rep\u00fablica Dominicana, Kieran Rigney; la Presidenta del Co.Mi.Tes Santo Domingo, Licia Colombo; y la periodista de RAI 2, Nadia Monetti.<\/p>\n<p class=\"\" data-start=\"2017\" data-end=\"2259\">Durante la jornada festiva, los ni\u00f1os del hogar celebraron con espect\u00e1culos de canto y danza, muchos de ellos inspirados en el mundo del entretenimiento televisivo italiano. Al finalizar, se llev\u00f3 a cabo un almuerzo colectivo abierto a todos.<\/p>\n","protected":false},"excerpt":{"rendered":"El pasado s\u00e1bado 26 de abril de 2025 se llevaron a cabo las celebraciones del vig\u00e9simo segundo aniversario del hogar \u201cNuestros Peque\u00f1os Hermanos\u201d (NPH) \/ Fundaci\u00f3n Francesca Rava Rep\u00fablica Dominicana, ubicado en la ciudad de San Pedro de Macor\u00eds. La Fundaci\u00f3n acoge a m\u00e1s de 200 ni\u00f1os provenientes de contextos sociales desfavorecidos y perif\u00e9ricos, ofreci\u00e9ndoles [&hellip;]","protected":false},"author":4,"featured_media":4677,"comment_status":"closed","ping_status":"closed","sticky":false,"template":"","format":"standard","meta":{"footnotes":""},"tags":[],"class_list":["post-4682","post","type-post","status-publish","format-standard","has-post-thumbnail","hentry"],"_links":{"self":[{"href":"https:\/\/ambsantodomingo.esteri.it\/es\/wp-json\/wp\/v2\/posts\/4682","targetHints":{"allow":["GET"]}}],"collection":[{"href":"https:\/\/ambsantodomingo.esteri.it\/es\/wp-json\/wp\/v2\/posts"}],"about":[{"href":"https:\/\/ambsantodomingo.esteri.it\/es\/wp-json\/wp\/v2\/types\/post"}],"author":[{"embeddable":true,"href":"https:\/\/ambsantodomingo.esteri.it\/es\/wp-json\/wp\/v2\/users\/4"}],"replies":[{"embeddable":true,"href":"https:\/\/ambsantodomingo.esteri.it\/es\/wp-json\/wp\/v2\/comments?post=4682"}],"version-history":[{"count":2,"href":"https:\/\/ambsantodomingo.esteri.it\/es\/wp-json\/wp\/v2\/posts\/4682\/revisions"}],"predecessor-version":[{"id":4728,"href":"https:\/\/ambsantodomingo.esteri.it\/es\/wp-json\/wp\/v2\/posts\/4682\/revisions\/4728"}],"wp:featuredmedia":[{"embeddable":true,"href":"https:\/\/ambsantodomingo.esteri.it\/es\/wp-json\/wp\/v2\/media\/4677"}],"wp:attachment":[{"href":"https:\/\/ambsantodomingo.esteri.it\/es\/wp-json\/wp\/v2\/media?parent=4682"}],"wp:term":[{"taxonomy":"post_tag","embeddable":true,"href":"https:\/\/ambsantodomingo.esteri.it\/es\/wp-json\/wp\/v2\/tags?post=4682"}],"curies":[{"name":"wp","href":"https:\/\/api.w.org\/{rel}","templated":true}]}}