{"id":4792,"date":"2025-05-26T16:41:15","date_gmt":"2025-05-26T20:41:15","guid":{"rendered":"https:\/\/ambsantodomingo.esteri.it\/?p=4792"},"modified":"2025-05-26T16:41:15","modified_gmt":"2025-05-26T20:41:15","slug":"conferencia-diplomatica-estudiantil-en-cotui","status":"publish","type":"post","link":"https:\/\/ambsantodomingo.esteri.it\/es\/news\/dall_ambasciata\/2025\/05\/conferencia-diplomatica-estudiantil-en-cotui\/","title":{"rendered":"Conferencia Diplom\u00e1tica Estudiantil en Cotu\u00ec"},"content":{"rendered":"<p class=\"\" data-start=\"0\" data-end=\"268\">La Fundaci\u00f3n Princesas del Siglo 21, una organizaci\u00f3n dedicada a valorizar el papel de las j\u00f3venes dominicanas, celebr\u00f3 la d\u00e9cima edici\u00f3n del programa &#8216;Conferencias Diplom\u00e1ticas Estudiantiles&#8217;, dedicado a la orientaci\u00f3n de los estudiantes del \u00faltimo a\u00f1o de secundaria.<\/p>\n<p class=\"\" data-start=\"270\" data-end=\"844\">El evento tuvo lugar en la ciudad de Cotu\u00ed, capital de la provincia S\u00e1nchez Ram\u00edrez \u2014productora de oro, pi\u00f1a y cacao, parte de los cuales se exportan a Italia\u2014 y cont\u00f3 con la participaci\u00f3n del embajador de Italia en Santo Domingo, Stefano Queirolo Palmas, en calidad de orador.<br data-start=\"547\" data-end=\"550\" \/>Este \u00faltimo comparti\u00f3 experiencias de sus m\u00e1s de 40 a\u00f1os de servicio como diplom\u00e1tico, que lo llevaron a desempe\u00f1arse en siete destinos extranjeros distribuidos en cinco continentes, ilustrando las diversas etapas de la formaci\u00f3n diplom\u00e1tica y las particularidades de una carrera internacional.<\/p>\n<p class=\"\" data-start=\"846\" data-end=\"1217\">Durante la ceremonia, el alcalde de Cotu\u00ed, Jos\u00e9 Eugenio Montilla, uno de los principales promotores del evento, pronunci\u00f3 un discurso motivacional para alentar a los j\u00f3venes presentes y otorg\u00f3 un reconocimiento especial a Queirolo Palmas por su contribuci\u00f3n a la orientaci\u00f3n profesional y al fortalecimiento de los lazos culturales entre Italia y la Rep\u00fablica Dominicana.<\/p>\n","protected":false},"excerpt":{"rendered":"La Fundaci\u00f3n Princesas del Siglo 21, una organizaci\u00f3n dedicada a valorizar el papel de las j\u00f3venes dominicanas, celebr\u00f3 la d\u00e9cima edici\u00f3n del programa &#8216;Conferencias Diplom\u00e1ticas Estudiantiles&#8217;, dedicado a la orientaci\u00f3n de los estudiantes del \u00faltimo a\u00f1o de secundaria. El evento tuvo lugar en la ciudad de Cotu\u00ed, capital de la provincia S\u00e1nchez Ram\u00edrez \u2014productora de [&hellip;]","protected":false},"author":8,"featured_media":4793,"comment_status":"closed","ping_status":"closed","sticky":false,"template":"","format":"standard","meta":{"footnotes":""},"tags":[],"class_list":["post-4792","post","type-post","status-publish","format-standard","has-post-thumbnail","hentry"],"_links":{"self":[{"href":"https:\/\/ambsantodomingo.esteri.it\/es\/wp-json\/wp\/v2\/posts\/4792","targetHints":{"allow":["GET"]}}],"collection":[{"href":"https:\/\/ambsantodomingo.esteri.it\/es\/wp-json\/wp\/v2\/posts"}],"about":[{"href":"https:\/\/ambsantodomingo.esteri.it\/es\/wp-json\/wp\/v2\/types\/post"}],"author":[{"embeddable":true,"href":"https:\/\/ambsantodomingo.esteri.it\/es\/wp-json\/wp\/v2\/users\/8"}],"replies":[{"embeddable":true,"href":"https:\/\/ambsantodomingo.esteri.it\/es\/wp-json\/wp\/v2\/comments?post=4792"}],"version-history":[{"count":1,"href":"https:\/\/ambsantodomingo.esteri.it\/es\/wp-json\/wp\/v2\/posts\/4792\/revisions"}],"predecessor-version":[{"id":4796,"href":"https:\/\/ambsantodomingo.esteri.it\/es\/wp-json\/wp\/v2\/posts\/4792\/revisions\/4796"}],"wp:featuredmedia":[{"embeddable":true,"href":"https:\/\/ambsantodomingo.esteri.it\/es\/wp-json\/wp\/v2\/media\/4793"}],"wp:attachment":[{"href":"https:\/\/ambsantodomingo.esteri.it\/es\/wp-json\/wp\/v2\/media?parent=4792"}],"wp:term":[{"taxonomy":"post_tag","embeddable":true,"href":"https:\/\/ambsantodomingo.esteri.it\/es\/wp-json\/wp\/v2\/tags?post=4792"}],"curies":[{"name":"wp","href":"https:\/\/api.w.org\/{rel}","templated":true}]}}