{"id":4841,"date":"2025-06-10T15:19:24","date_gmt":"2025-06-10T19:19:24","guid":{"rendered":"https:\/\/ambsantodomingo.esteri.it\/?p=4841"},"modified":"2025-06-10T15:23:29","modified_gmt":"2025-06-10T19:23:29","slug":"guardia-di-finanza-organiza-curso-de-formacion-abierto-a-los-paises-miembros-de-la-oea","status":"publish","type":"post","link":"https:\/\/ambsantodomingo.esteri.it\/es\/news\/dall_ambasciata\/2025\/06\/guardia-di-finanza-organiza-curso-de-formacion-abierto-a-los-paises-miembros-de-la-oea\/","title":{"rendered":"Guardia di Finanza organiza curso de formaci\u00f3n abierto a los pa\u00edses miembros de la OEA"},"content":{"rendered":"<p data-start=\"113\" data-end=\"500\"><strong data-start=\"113\" data-end=\"300\">WASHINGTON, 09 JUN &#8211; La Guardia di Finanza organizar\u00e1 un curso de formaci\u00f3n sobre delitos financieros, abierto a todos los pa\u00edses de las Am\u00e9ricas, del 8 al 16 de septiembre, en Ostia.<\/strong> As\u00ed lo anunci\u00f3 el Observador Permanente de Italia ante la Organizaci\u00f3n de los Estados Americanos (OEA), el Embajador Roberto Nocella, durante una reuni\u00f3n ad hoc organizada por el Comit\u00e9 de Seguridad.<\/p>\n<p data-start=\"502\" data-end=\"788\">\u00abEste tipo de actividad se enmarca en las numerosas iniciativas de diplomacia jur\u00eddica y de seguridad que Italia promueve en Am\u00e9rica Latina y el Caribe\u00bb, explic\u00f3 el Embajador, quien present\u00f3 algunos de los proyectos financiados por Italia a trav\u00e9s del Ministerio de Asuntos Exteriores.<\/p>\n<p data-start=\"790\" data-end=\"978\">\u00abCompartimos valores e intereses con los pa\u00edses americanos, y la OEA constituye una plataforma eficaz de colaboraci\u00f3n que permite construir y reforzar puentes con Italia\u00bb, destac\u00f3 Nocella.<\/p>\n<p data-start=\"980\" data-end=\"1472\">El representante italiano tambi\u00e9n profundiz\u00f3 en la arquitectura de algunos de los proyectos financiados por Italia, los cuales prev\u00e9n no solo una colaboraci\u00f3n multilateral intraamericana, sino tambi\u00e9n una sinergia con entidades del Estado italiano, como en este caso con la Guardia di Finanza, as\u00ed como con la sociedad civil, como ocurre por ejemplo con la Comunidad de San Patrignano, involucrada en el programa Foctali para la rehabilitaci\u00f3n y reinserci\u00f3n social de personas con adicciones.<\/p>\n<p data-start=\"1474\" data-end=\"1928\">\u00abA la tercera fase del proyecto Foctali, que concluy\u00f3 a finales del a\u00f1o pasado, participaron entidades de diez pa\u00edses de la regi\u00f3n: Argentina, Chile, Colombia, Jamaica, Guyana, Paraguay, Per\u00fa, Rep\u00fablica Dominicana, Trinidad y Tobago, y Uruguay\u00bb, precis\u00f3 Nocella, subrayando c\u00f3mo este modelo de colaboraci\u00f3n (que contempla, para la realizaci\u00f3n de los proyectos, un punto de referencia italiano) ser\u00e1 pr\u00f3ximamente explorado tambi\u00e9n en otros \u00e1mbitos. (ANSA)<\/p>\n","protected":false},"excerpt":{"rendered":"WASHINGTON, 09 JUN &#8211; La Guardia di Finanza organizar\u00e1 un curso de formaci\u00f3n sobre delitos financieros, abierto a todos los pa\u00edses de las Am\u00e9ricas, del 8 al 16 de septiembre, en Ostia. As\u00ed lo anunci\u00f3 el Observador Permanente de Italia ante la Organizaci\u00f3n de los Estados Americanos (OEA), el Embajador Roberto Nocella, durante una reuni\u00f3n [&hellip;]","protected":false},"author":8,"featured_media":4835,"comment_status":"closed","ping_status":"closed","sticky":false,"template":"","format":"standard","meta":{"footnotes":""},"tags":[],"class_list":["post-4841","post","type-post","status-publish","format-standard","has-post-thumbnail","hentry"],"_links":{"self":[{"href":"https:\/\/ambsantodomingo.esteri.it\/es\/wp-json\/wp\/v2\/posts\/4841","targetHints":{"allow":["GET"]}}],"collection":[{"href":"https:\/\/ambsantodomingo.esteri.it\/es\/wp-json\/wp\/v2\/posts"}],"about":[{"href":"https:\/\/ambsantodomingo.esteri.it\/es\/wp-json\/wp\/v2\/types\/post"}],"author":[{"embeddable":true,"href":"https:\/\/ambsantodomingo.esteri.it\/es\/wp-json\/wp\/v2\/users\/8"}],"replies":[{"embeddable":true,"href":"https:\/\/ambsantodomingo.esteri.it\/es\/wp-json\/wp\/v2\/comments?post=4841"}],"version-history":[{"count":1,"href":"https:\/\/ambsantodomingo.esteri.it\/es\/wp-json\/wp\/v2\/posts\/4841\/revisions"}],"predecessor-version":[{"id":4842,"href":"https:\/\/ambsantodomingo.esteri.it\/es\/wp-json\/wp\/v2\/posts\/4841\/revisions\/4842"}],"wp:featuredmedia":[{"embeddable":true,"href":"https:\/\/ambsantodomingo.esteri.it\/es\/wp-json\/wp\/v2\/media\/4835"}],"wp:attachment":[{"href":"https:\/\/ambsantodomingo.esteri.it\/es\/wp-json\/wp\/v2\/media?parent=4841"}],"wp:term":[{"taxonomy":"post_tag","embeddable":true,"href":"https:\/\/ambsantodomingo.esteri.it\/es\/wp-json\/wp\/v2\/tags?post=4841"}],"curies":[{"name":"wp","href":"https:\/\/api.w.org\/{rel}","templated":true}]}}