{"id":5342,"date":"2025-11-21T11:49:41","date_gmt":"2025-11-21T15:49:41","guid":{"rendered":"https:\/\/ambsantodomingo.esteri.it\/?p=5342"},"modified":"2025-11-21T11:50:36","modified_gmt":"2025-11-21T15:50:36","slug":"seminario-de-el-paccto-en-santo-domingo-enfoque-en-crimen-organizado-y-lucha-contra-el-capital-ilicito","status":"publish","type":"post","link":"https:\/\/ambsantodomingo.esteri.it\/es\/news\/dall_ambasciata\/2025\/11\/seminario-de-el-paccto-en-santo-domingo-enfoque-en-crimen-organizado-y-lucha-contra-el-capital-ilicito\/","title":{"rendered":"Seminario de El Paccto en Santo Domingo.  Enfoque en \u00abCrimen organizado y lucha contra el capital il\u00edcito\u00bb"},"content":{"rendered":"<p>Se ha inaugurado en la capital dominicana el Seminario Regional \u201cCrimen organizado y lucha contra el capital il\u00edcito\u201d, que se prolongar\u00e1 hasta el 21 de noviembre y reunir\u00e1 a 17 pa\u00edses de Am\u00e9rica Latina y 5 de la Uni\u00f3n Europea para abordar los principales retos y buenas pr\u00e1cticas, desde la identificaci\u00f3n del capital il\u00edcito hasta la gesti\u00f3n de los bienes confiscados.<\/p>\n<p>La iniciativa, organizada en el marco del programa EL PACCTO 2.0, \u00a0insignia de la Uni\u00f3n Europea en el refuerzo de la cooperaci\u00f3n contra la delincuencia organizada transnacional, cuenta con Italia al frente de los trabajos como pa\u00eds responsable del Segundo Componente, dedicado a la lucha patrimonial, la confiscaci\u00f3n y la gesti\u00f3n de bienes, con el apoyo de las instituciones dominicanas, entre ellas el Ministerio del Interior, la Polic\u00eda Nacional y la Fiscal\u00eda General.<\/p>\n<p>En la inauguraci\u00f3n intervinieron Giuseppe Busia, presidente de la Autoridad Nacional Anticorrupci\u00f3n (ANAC) y de la Red Europea de Autoridades Anticorrupci\u00f3n; la fiscal general de la Rep\u00fablica Dominicana, Yeni Berenice Reynoso; el director general de la Polic\u00eda Nacional dominicana, Mayor General Ram\u00f3n Antonio Guzm\u00e1n Peralta; y Giovanni Tartaglia Polcini, subdirector del Programa EL PACCTO 2.0 y coordinador del Segundo Componente.<\/p>\n<p>En los trabajos participan 100 representantes de las fiscal\u00edas, las autoridades de gesti\u00f3n de bienes y las fuerzas de polic\u00eda econ\u00f3mica y financiera de los 22 pa\u00edses implicados, junto con expertos regionales e internacionales. Las sesiones abordar\u00e1n los principales modelos de administraci\u00f3n judicial y destino de los bienes incautados y confiscados, t\u00e9cnicas avanzadas para la gesti\u00f3n de activos complejos \u2014desde inmuebles hasta empresas, pasando por criptoactivos y patrimonios diversificados\u2014 e instrumentos de cooperaci\u00f3n transfronteriza.<\/p>\n<p>El seminario confirma el papel central de la lucha patrimonial contra la delincuencia organizada transnacional, subrayando c\u00f3mo el modelo italiano de investigaciones financieras, prevenci\u00f3n patrimonial y destino social de los bienes confiscados se est\u00e1 imponiendo como est\u00e1ndar internacional de referencia en las pol\u00edticas de legalidad y transparencia.<\/p>\n<p>El evento inicia adem\u00e1s un proceso destinado a reforzar la acci\u00f3n regional coordinada de EL PACCTO 2.0 y a promover la creaci\u00f3n de un grupo de trabajo permanente entre los pa\u00edses de Am\u00e9rica Latina y la Uni\u00f3n Europea para desarrollar mecanismos innovadores de cooperaci\u00f3n judicial y policial en la recuperaci\u00f3n de activos y la lucha contra el capital il\u00edcito.<\/p>\n<p>(Ansa)<\/p>\n","protected":false},"excerpt":{"rendered":"Se ha inaugurado en la capital dominicana el Seminario Regional \u201cCrimen organizado y lucha contra el capital il\u00edcito\u201d, que se prolongar\u00e1 hasta el 21 de noviembre y reunir\u00e1 a 17 pa\u00edses de Am\u00e9rica Latina y 5 de la Uni\u00f3n Europea para abordar los principales retos y buenas pr\u00e1cticas, desde la identificaci\u00f3n del capital il\u00edcito hasta [&hellip;]","protected":false},"author":8,"featured_media":5344,"comment_status":"closed","ping_status":"closed","sticky":false,"template":"","format":"standard","meta":{"footnotes":""},"tags":[],"class_list":["post-5342","post","type-post","status-publish","format-standard","has-post-thumbnail","hentry"],"_links":{"self":[{"href":"https:\/\/ambsantodomingo.esteri.it\/es\/wp-json\/wp\/v2\/posts\/5342","targetHints":{"allow":["GET"]}}],"collection":[{"href":"https:\/\/ambsantodomingo.esteri.it\/es\/wp-json\/wp\/v2\/posts"}],"about":[{"href":"https:\/\/ambsantodomingo.esteri.it\/es\/wp-json\/wp\/v2\/types\/post"}],"author":[{"embeddable":true,"href":"https:\/\/ambsantodomingo.esteri.it\/es\/wp-json\/wp\/v2\/users\/8"}],"replies":[{"embeddable":true,"href":"https:\/\/ambsantodomingo.esteri.it\/es\/wp-json\/wp\/v2\/comments?post=5342"}],"version-history":[{"count":1,"href":"https:\/\/ambsantodomingo.esteri.it\/es\/wp-json\/wp\/v2\/posts\/5342\/revisions"}],"predecessor-version":[{"id":5346,"href":"https:\/\/ambsantodomingo.esteri.it\/es\/wp-json\/wp\/v2\/posts\/5342\/revisions\/5346"}],"wp:featuredmedia":[{"embeddable":true,"href":"https:\/\/ambsantodomingo.esteri.it\/es\/wp-json\/wp\/v2\/media\/5344"}],"wp:attachment":[{"href":"https:\/\/ambsantodomingo.esteri.it\/es\/wp-json\/wp\/v2\/media?parent=5342"}],"wp:term":[{"taxonomy":"post_tag","embeddable":true,"href":"https:\/\/ambsantodomingo.esteri.it\/es\/wp-json\/wp\/v2\/tags?post=5342"}],"curies":[{"name":"wp","href":"https:\/\/api.w.org\/{rel}","templated":true}]}}