{"id":5418,"date":"2025-12-04T12:59:07","date_gmt":"2025-12-04T16:59:07","guid":{"rendered":"https:\/\/ambsantodomingo.esteri.it\/?p=5418"},"modified":"2025-12-04T13:01:30","modified_gmt":"2025-12-04T17:01:30","slug":"encuentro-empresarial-europeo","status":"publish","type":"post","link":"https:\/\/ambsantodomingo.esteri.it\/es\/news\/dall_ambasciata\/2025\/12\/encuentro-empresarial-europeo\/","title":{"rendered":"Encuentro Empresarial Europeo"},"content":{"rendered":"<p>El\u00a0 pasado 25 de noviembre se celebr\u00f3 el primer \u00abEncuentro Empresarial Europeo\u00bb, un espacio de di\u00e1logo entre empresas europeas, dominicanas y otros actores clave, con foco en inversi\u00f3n.<\/p>\n<p>Las inversiones de la Uni\u00f3n Europea en Rep\u00fablica Dominicana mantenienen el liderazgo como el principal inversionista del pa\u00eds. Estas inversiones tienen una presencia destacada en sectores clave como telecomunicaciones, transporte sostenible, zonas francas, turismo, energ\u00eda renovable y servicios.<\/p>\n<p>Entre los participantes, la Directora de ProDominicana, Biviana Riveiro, quien destac\u00f3 el impacto en sectores estrat\u00e9gicos, las tendencias de crecimiento . Asimismo el Embajador de la Uni\u00f3n Europea, S.E. Ra\u00fal Fuentes Milani llam\u00f3 al sector privado dominicano a mirar hacia la Uni\u00f3n Europea, primer inversor en la Rep\u00fablica Dominicana, y a aprovechar los lazos hist\u00f3ricos para construir juntos un futuro m\u00e1s pr\u00f3spero y equitativo.<\/p>\n","protected":false},"excerpt":{"rendered":"El\u00a0 pasado 25 de noviembre se celebr\u00f3 el primer \u00abEncuentro Empresarial Europeo\u00bb, un espacio de di\u00e1logo entre empresas europeas, dominicanas y otros actores clave, con foco en inversi\u00f3n. Las inversiones de la Uni\u00f3n Europea en Rep\u00fablica Dominicana mantenienen el liderazgo como el principal inversionista del pa\u00eds. Estas inversiones tienen una presencia destacada en sectores clave [&hellip;]","protected":false},"author":8,"featured_media":5419,"comment_status":"closed","ping_status":"closed","sticky":false,"template":"","format":"standard","meta":{"footnotes":""},"tags":[],"class_list":["post-5418","post","type-post","status-publish","format-standard","has-post-thumbnail","hentry"],"_links":{"self":[{"href":"https:\/\/ambsantodomingo.esteri.it\/es\/wp-json\/wp\/v2\/posts\/5418","targetHints":{"allow":["GET"]}}],"collection":[{"href":"https:\/\/ambsantodomingo.esteri.it\/es\/wp-json\/wp\/v2\/posts"}],"about":[{"href":"https:\/\/ambsantodomingo.esteri.it\/es\/wp-json\/wp\/v2\/types\/post"}],"author":[{"embeddable":true,"href":"https:\/\/ambsantodomingo.esteri.it\/es\/wp-json\/wp\/v2\/users\/8"}],"replies":[{"embeddable":true,"href":"https:\/\/ambsantodomingo.esteri.it\/es\/wp-json\/wp\/v2\/comments?post=5418"}],"version-history":[{"count":1,"href":"https:\/\/ambsantodomingo.esteri.it\/es\/wp-json\/wp\/v2\/posts\/5418\/revisions"}],"predecessor-version":[{"id":5420,"href":"https:\/\/ambsantodomingo.esteri.it\/es\/wp-json\/wp\/v2\/posts\/5418\/revisions\/5420"}],"wp:featuredmedia":[{"embeddable":true,"href":"https:\/\/ambsantodomingo.esteri.it\/es\/wp-json\/wp\/v2\/media\/5419"}],"wp:attachment":[{"href":"https:\/\/ambsantodomingo.esteri.it\/es\/wp-json\/wp\/v2\/media?parent=5418"}],"wp:term":[{"taxonomy":"post_tag","embeddable":true,"href":"https:\/\/ambsantodomingo.esteri.it\/es\/wp-json\/wp\/v2\/tags?post=5418"}],"curies":[{"name":"wp","href":"https:\/\/api.w.org\/{rel}","templated":true}]}}