{"id":5582,"date":"2026-01-15T11:36:59","date_gmt":"2026-01-15T15:36:59","guid":{"rendered":"https:\/\/ambsantodomingo.esteri.it\/?p=5582"},"modified":"2026-01-15T11:36:59","modified_gmt":"2026-01-15T15:36:59","slug":"firmados-acuerdos-tecnicos-entre-macfrut-y-la-republica-dominicana","status":"publish","type":"post","link":"https:\/\/ambsantodomingo.esteri.it\/es\/news\/dall_ambasciata\/2026\/01\/firmados-acuerdos-tecnicos-entre-macfrut-y-la-republica-dominicana\/","title":{"rendered":"Firmados acuerdos t\u00e9cnicos entre MACFRUT y la Rep\u00fablica Dominicana"},"content":{"rendered":"<p>13 de enero de 2026\u00a0\u2013\u00a0Se refuerza la cooperaci\u00f3n econ\u00f3mica entre Italia y la Rep\u00fablica Dominicana con la firma de dos acuerdos de colaboraci\u00f3n t\u00e9cnicos y cient\u00edficos entre MACFRUT, la feria internacional de frutas y hortalizas que se celebra anualmente en R\u00edmini, y, respectivamente, el Ministerio de Agricultura y el Ministerio de Industria, Comercio y MPyMES (MICM) de la Rep\u00fablica Dominicana.<\/p>\n<p>Los acuerdos fueron firmados por el vicepresidente de MACFRUT, Enrico Turroni, y los ministros dominicanos Oliverio Espaillat (Agricultura) y Eduardo Sanz Lovat\u00f3n (Industria, Comercio y Pymes). En la firma particip\u00f3 la FAO, representada por la coordinadora de alianzas p\u00fablico-privadas, Patricia Jim\u00e9nez. Tambi\u00e9n estuvieron presentes el embajador de Italia en Rep\u00fablica Dominicana, Stefano Queirolo Palmas, el embajador de la Rep\u00fablica Dominicana en Italia, Rafael Lantigua Ciriaco, y la embajadora dominicana ante la FAO, Ana Hern\u00e1ndez.<\/p>\n<p>La firma se inscribe en un proceso de cooperaci\u00f3n que tiene como objetivo consolidar las relaciones institucionales y empresariales y estabilizar el di\u00e1logo operativo entre las partes en el marco de MACFRUT. Los acuerdos tienen por objeto apoyar el acceso de los productores dominicanos al mercado italiano y europeo para los productos tropicales y, al mismo tiempo, reforzar la calidad y la capacidad productiva mediante la formaci\u00f3n t\u00e9cnica y las oportunidades relacionadas con la maquinaria y las tecnolog\u00edas de la industria agroindustrial italiana. Un enfoque complementario, orientado a resultados concretos: m\u00e1s mercado, m\u00e1s competencias, m\u00e1s capacidad productiva.<\/p>\n<p>Los acuerdos tambi\u00e9n respaldan la participaci\u00f3n oficial dominicana en MACFRUT 2026, donde la Rep\u00fablica Dominicana estar\u00e1 presente con un pabell\u00f3n institucional de 400 metros cuadrados. En su interior se promocionar\u00e1n los productos t\u00edpicos del pa\u00eds y se instalar\u00e1 una \u00abCasa de los Productos Dominicanos\u00bb, acompa\u00f1ada de iniciativas de promoci\u00f3n de la oferta tur\u00edstica de los territorios dominicanos, en una l\u00f3gica de \u00abplataforma pa\u00eds\u00bb de alto valor estrat\u00e9gico.<\/p>\n<p>Paralelamente al trabajo institucional, MACFRUT ha promovido una reuni\u00f3n en la JAD (Junta Agroempresarial Dominicana) con los exportadores dominicanos, dedicada a las necesidades t\u00e9cnico-comerciales de la cadena de suministro, a la valorizaci\u00f3n de la oferta de exportaci\u00f3n\u00a0\u2014\u00a0fresca y transformada\u00a0\u2014\u00a0y a la alineaci\u00f3n operativa con vistas al Pabell\u00f3n del Pa\u00eds y a las actividades B2B con compradores internacionales.<\/p>\n","protected":false},"excerpt":{"rendered":"13 de enero de 2026\u00a0\u2013\u00a0Se refuerza la cooperaci\u00f3n econ\u00f3mica entre Italia y la Rep\u00fablica Dominicana con la firma de dos acuerdos de colaboraci\u00f3n t\u00e9cnicos y cient\u00edficos entre MACFRUT, la feria internacional de frutas y hortalizas que se celebra anualmente en R\u00edmini, y, respectivamente, el Ministerio de Agricultura y el Ministerio de Industria, Comercio y MPyMES [&hellip;]","protected":false},"author":8,"featured_media":5585,"comment_status":"closed","ping_status":"closed","sticky":false,"template":"","format":"standard","meta":{"footnotes":""},"tags":[],"class_list":["post-5582","post","type-post","status-publish","format-standard","has-post-thumbnail","hentry"],"_links":{"self":[{"href":"https:\/\/ambsantodomingo.esteri.it\/es\/wp-json\/wp\/v2\/posts\/5582","targetHints":{"allow":["GET"]}}],"collection":[{"href":"https:\/\/ambsantodomingo.esteri.it\/es\/wp-json\/wp\/v2\/posts"}],"about":[{"href":"https:\/\/ambsantodomingo.esteri.it\/es\/wp-json\/wp\/v2\/types\/post"}],"author":[{"embeddable":true,"href":"https:\/\/ambsantodomingo.esteri.it\/es\/wp-json\/wp\/v2\/users\/8"}],"replies":[{"embeddable":true,"href":"https:\/\/ambsantodomingo.esteri.it\/es\/wp-json\/wp\/v2\/comments?post=5582"}],"version-history":[{"count":1,"href":"https:\/\/ambsantodomingo.esteri.it\/es\/wp-json\/wp\/v2\/posts\/5582\/revisions"}],"predecessor-version":[{"id":5586,"href":"https:\/\/ambsantodomingo.esteri.it\/es\/wp-json\/wp\/v2\/posts\/5582\/revisions\/5586"}],"wp:featuredmedia":[{"embeddable":true,"href":"https:\/\/ambsantodomingo.esteri.it\/es\/wp-json\/wp\/v2\/media\/5585"}],"wp:attachment":[{"href":"https:\/\/ambsantodomingo.esteri.it\/es\/wp-json\/wp\/v2\/media?parent=5582"}],"wp:term":[{"taxonomy":"post_tag","embeddable":true,"href":"https:\/\/ambsantodomingo.esteri.it\/es\/wp-json\/wp\/v2\/tags?post=5582"}],"curies":[{"name":"wp","href":"https:\/\/api.w.org\/{rel}","templated":true}]}}