{"id":966,"date":"2023-08-11T17:58:32","date_gmt":"2023-08-11T21:58:32","guid":{"rendered":"https:\/\/ambsantodomingo.esteri.it\/news\/dall_ambasciata\/2023\/08\/convergenze-fra-repubblica-dominicana-2\/"},"modified":"2023-11-27T11:20:18","modified_gmt":"2023-11-27T15:20:18","slug":"convergenze-fra-repubblica-dominicana-2","status":"publish","type":"post","link":"https:\/\/ambsantodomingo.esteri.it\/es\/news\/dall_ambasciata\/2023\/08\/convergenze-fra-repubblica-dominicana-2\/","title":{"rendered":"Italia y Dominicana, convergencia en una muestra"},"content":{"rendered":"<p>&#8216;Caribe en Residencia&#8217;, arte contempor\u00e1neo.<\/p>\n<p><img loading=\"lazy\" decoding=\"async\" src=\"resource\/img\/2023\/08\/43f1952384881340b6d5dc87c73d4969_0.jpg\" alt=\"43f1952384881340b6d5dc87c73d4969 0\" width=\"574\" height=\"383\" \/><\/p>\n<p>(ANSA) SANTO DOMINGO &#8211; El embajador de Italia en Rep\u00fablica Dominicana, Stefano Queirolo Palmas, inaugur\u00f3 la segunda edici\u00f3n de la exposici\u00f3n de arte contempor\u00e1neo &#8216;Caribe en Residencia 2: Convergencias contempor\u00e1neas entre Rep\u00fablica Dominicana e Italia&#8217;. Entre otros, estuvieron presentes el Consejero de Universidad, Garc\u00eda Ferm\u00edn, y el Viceconsejero de Cultura, Michelen Stefan.<\/p>\n<p>Stefan record\u00f3 la naturaleza de un paradigma cultural incesante que Italia extrae de la antig\u00fcedad cl\u00e1sica y el Renacimiento, as\u00ed como el significado simb\u00f3lico de la iniciativa en el contexto de la cooperaci\u00f3n entre Italia y la Rep\u00fablica Dominicana, un moderno puente de di\u00e1logo a ra\u00edz de una tradici\u00f3n de mecenazgo.<br \/>\nEl embajador Palmas, por su parte, quiso subrayar a\u00fan m\u00e1s el origen de la iniciativa que, gracias a las obras expuestas, transforma un lugar institucional en un espacio abierto a artistas dominicanos vivos para obras inspiradas en Italia, la tradici\u00f3n europea y el Mediterr\u00e1neo.<br \/>\nLas obras de la segunda edici\u00f3n de la colecci\u00f3n permanecer\u00e1n expuestas alrededor de un a\u00f1o en la Residencia, para luego pasar a la recepci\u00f3n de la Fiesta Nacional y finalmente a Casa Italia (ANSA).<\/p>\n","protected":false},"excerpt":{"rendered":"&#8216;Caribe en Residencia&#8217;, arte contempor\u00e1neo. (ANSA) SANTO DOMINGO &#8211; El embajador de Italia en Rep\u00fablica Dominicana, Stefano Queirolo Palmas, inaugur\u00f3 la segunda edici\u00f3n de la exposici\u00f3n de arte contempor\u00e1neo &#8216;Caribe en Residencia 2: Convergencias contempor\u00e1neas entre Rep\u00fablica Dominicana e Italia&#8217;. Entre otros, estuvieron presentes el Consejero de Universidad, Garc\u00eda Ferm\u00edn, y el Viceconsejero de Cultura, [&hellip;]","protected":false},"author":1,"featured_media":0,"comment_status":"closed","ping_status":"closed","sticky":false,"template":"","format":"standard","meta":{"footnotes":""},"tags":[],"class_list":["post-966","post","type-post","status-publish","format-standard","hentry"],"_links":{"self":[{"href":"https:\/\/ambsantodomingo.esteri.it\/es\/wp-json\/wp\/v2\/posts\/966","targetHints":{"allow":["GET"]}}],"collection":[{"href":"https:\/\/ambsantodomingo.esteri.it\/es\/wp-json\/wp\/v2\/posts"}],"about":[{"href":"https:\/\/ambsantodomingo.esteri.it\/es\/wp-json\/wp\/v2\/types\/post"}],"author":[{"embeddable":true,"href":"https:\/\/ambsantodomingo.esteri.it\/es\/wp-json\/wp\/v2\/users\/1"}],"replies":[{"embeddable":true,"href":"https:\/\/ambsantodomingo.esteri.it\/es\/wp-json\/wp\/v2\/comments?post=966"}],"version-history":[{"count":1,"href":"https:\/\/ambsantodomingo.esteri.it\/es\/wp-json\/wp\/v2\/posts\/966\/revisions"}],"predecessor-version":[{"id":2344,"href":"https:\/\/ambsantodomingo.esteri.it\/es\/wp-json\/wp\/v2\/posts\/966\/revisions\/2344"}],"wp:attachment":[{"href":"https:\/\/ambsantodomingo.esteri.it\/es\/wp-json\/wp\/v2\/media?parent=966"}],"wp:term":[{"taxonomy":"post_tag","embeddable":true,"href":"https:\/\/ambsantodomingo.esteri.it\/es\/wp-json\/wp\/v2\/tags?post=966"}],"curies":[{"name":"wp","href":"https:\/\/api.w.org\/{rel}","templated":true}]}}