{"id":978,"date":"2023-07-10T17:10:35","date_gmt":"2023-07-10T21:10:35","guid":{"rendered":"https:\/\/ambsantodomingo.esteri.it\/news\/dall_ambasciata\/2023\/07\/un-sabato-all-italiana-santiago-2\/"},"modified":"2023-11-27T11:20:21","modified_gmt":"2023-11-27T15:20:21","slug":"un-sabato-all-italiana-santiago-2","status":"publish","type":"post","link":"https:\/\/ambsantodomingo.esteri.it\/es\/news\/dall_ambasciata\/2023\/07\/un-sabato-all-italiana-santiago-2\/","title":{"rendered":"Un Sabado a la Italiana \u2013 Santiago, 24 de junio 2023"},"content":{"rendered":"<p style=\"text-align: justify;\">El 24 de junio pasado, con ocasi\u00f3n de las celebraciones de la Fiesta de la Rep\u00fablica Italiana y de los 125 a\u00f1os de relaciones diplom\u00e1ticas entre Italia y la Rep\u00fablica Dominicana, la Embajada de Italia y el Viceconsulado Honorario de Santiago organizaron, en el \u00abParque Central\u00bb de Santiago De Los Caballeros, la \u00abFiesta Italiana.\u00bb<\/p>\n<p style=\"text-align: justify;\">La \u00abFiesta Italiana\u00bb fue un evento que transform\u00f3 el \u00abParque Central\u00bb de Santiago De Los Caballeros en una peque\u00f1a pieza de Italia, decorada con banderas italianas, guirnaldas de colores y adornos t\u00edpicos. La m\u00fasica tradicional italiana resonaba por todo el lugar, creando un ambiente animado y festivo. Una parte importante de la Fiesta Italiana fue la feria, donde se instalaron numerosos puestos y atracciones como castillos inflables, que entretuvieron a los m\u00e1s peque\u00f1os durante el evento.<\/p>\n<p style=\"text-align: justify;\">La \u00abFiesta Italiana\u00bb atrajo a un p\u00fablico entusiasta que disfrut\u00f3 de un ambiente acogedor y aut\u00e9ntico que evocaba la esencia misma de Italia y ofreci\u00f3 a las visitantes exhibiciones de m\u00fasica tradicional italiana en un escenario principal, mientras que los chefs experimentados han preparado los platos m\u00e1s ic\u00f3nicos de la cocina italiana. Adem\u00e1s, productores e importadores dieron a conocer a los participantes una gran variedad de productos italianos presentes en la Rep\u00fablica Dominicana.<\/p>\n<p style=\"text-align: justify;\">La \u00abFesta Italiana\u00bb fue un \u00e9xito rotundo, ofreciendo a los participantes una experiencia inmersiva en la cultura italiana. Desde el escenario y la m\u00fasica en vivo hasta la amplia variedad de comida italiana, el evento ha capturado la esencia y el encanto de Italia.<\/p>\n<p style=\"text-align: justify;\">Los visitantes mostraron su gran aprecio por la cultura italiana y expresaron el deseo de revivir este evento en futuras ocasiones.<\/p>\n<p style=\"text-align: justify;\">La \u00abFiesta Italiana\u00bb ha dejado una marca duradera en la comunidad, fortaleciendo los lazos culturales y el amor por Italia.<\/p>\n","protected":false},"excerpt":{"rendered":"El 24 de junio pasado, con ocasi\u00f3n de las celebraciones de la Fiesta de la Rep\u00fablica Italiana y de los 125 a\u00f1os de relaciones diplom\u00e1ticas entre Italia y la Rep\u00fablica Dominicana, la Embajada de Italia y el Viceconsulado Honorario de Santiago organizaron, en el \u00abParque Central\u00bb de Santiago De Los Caballeros, la \u00abFiesta Italiana.\u00bb La [&hellip;]","protected":false},"author":1,"featured_media":0,"comment_status":"closed","ping_status":"closed","sticky":false,"template":"","format":"standard","meta":{"footnotes":""},"tags":[],"class_list":["post-978","post","type-post","status-publish","format-standard","hentry"],"_links":{"self":[{"href":"https:\/\/ambsantodomingo.esteri.it\/es\/wp-json\/wp\/v2\/posts\/978","targetHints":{"allow":["GET"]}}],"collection":[{"href":"https:\/\/ambsantodomingo.esteri.it\/es\/wp-json\/wp\/v2\/posts"}],"about":[{"href":"https:\/\/ambsantodomingo.esteri.it\/es\/wp-json\/wp\/v2\/types\/post"}],"author":[{"embeddable":true,"href":"https:\/\/ambsantodomingo.esteri.it\/es\/wp-json\/wp\/v2\/users\/1"}],"replies":[{"embeddable":true,"href":"https:\/\/ambsantodomingo.esteri.it\/es\/wp-json\/wp\/v2\/comments?post=978"}],"version-history":[{"count":1,"href":"https:\/\/ambsantodomingo.esteri.it\/es\/wp-json\/wp\/v2\/posts\/978\/revisions"}],"predecessor-version":[{"id":2346,"href":"https:\/\/ambsantodomingo.esteri.it\/es\/wp-json\/wp\/v2\/posts\/978\/revisions\/2346"}],"wp:attachment":[{"href":"https:\/\/ambsantodomingo.esteri.it\/es\/wp-json\/wp\/v2\/media?parent=978"}],"wp:term":[{"taxonomy":"post_tag","embeddable":true,"href":"https:\/\/ambsantodomingo.esteri.it\/es\/wp-json\/wp\/v2\/tags?post=978"}],"curies":[{"name":"wp","href":"https:\/\/api.w.org\/{rel}","templated":true}]}}