{"id":1024,"date":"2022-11-24T15:35:56","date_gmt":"2022-11-24T19:35:56","guid":{"rendered":"https:\/\/ambsantodomingo.esteri.it\/news\/dall_ambasciata\/2022\/11\/luna-asi-a-bordo-stazione-gateway\/"},"modified":"2022-11-24T15:35:56","modified_gmt":"2022-11-24T19:35:56","slug":"luna-asi-a-bordo-stazione-gateway","status":"publish","type":"post","link":"https:\/\/ambsantodomingo.esteri.it\/it\/news\/dall_ambasciata\/2022\/11\/luna-asi-a-bordo-stazione-gateway\/","title":{"rendered":"++ LUNA: ASI, A BORDO STAZIONE GATEWAY CI SAR\u00c0 UN ITALIANO ++ (ANSA) &#8211; PARIGI, 23 NOV"},"content":{"rendered":"<p>++ LUNA: ASI, A BORDO STAZIONE GATEWAY CI SAR\u00c0 UN ITALIANO ++<br \/>(ANSA) &#8211; PARIGI, 23 NOV &#8211; L&#8217;Italia ha ottenuto l&#8217; &#8220;impegno formale&#8221; da parte dell&#8217;Agenzia Spaziale Europea (Esa) che uno dei due astronauti italiani della classe 2009, ossia Samantha Cristoforetti o Luca Parmitano, parteciper\u00e0 alla prevista missione a bordo della futura stazione spaziale Lunar Gateway nell&#8217;orbita lunare, tra il 2025 e il 2030. Lo riferiscono fonti dell&#8217;Agenzia Spaziale Italiana (Asi) al termine della Conferenza Ministeriale dell&#8217;Esa a Parigi. (ANSA). PARIGI Z04-BG 2022-11-23 17:31 XSP22327001793_SX4_QBXZ<\/p>\n<p>LUNA: SISTEMA TELECOMUNICAZIONI PARLER\u00c0 ITALIANO<br \/>(ANSA) &#8211; ROMA, 23 NOV &#8211; Parler\u00e0 italiano il sistema di telecomunicazioni per la Luna, si chiamer\u00e0 MoonLight ed \u00e8 il nuovo contributo europeo al programma Artemis della Nasa: \u00e8 uno dei risultati che l&#8217;Italia ha portato a casa dalla Conferenza Ministeriale dell&#8217;Agenzia Spaziale Europea (Esa) che si \u00e8 conclusa oggi a Parigi. Un ruolo di primo piano nella missione ExoMars e nel nuovo lanciatore europeo Vega C sono gli altri risultati ottenuti dalla delegazione italiana, guidata dal ministro delle Imprese e del Made In Italy Adolfo Urso, delegato dal Consiglio dei Ministri al coordinamento delle politiche dello spazio e dell&#8217;aerospazio, accompagnato dall&#8217;ambasciatore Luca Sabbatucci, rappresentante permanente d&#8217;Italia presso le organizzazioni internazionali a Parigi, e dal presidente dell&#8217;Agenzia Spaziale Italiana (Asi), Giorgio Saccoccia. (ANSA). ROMA BG 2022-11-23 19:31 XSP22327002272_SX4_QBXZ<\/p>\n","protected":false},"excerpt":{"rendered":"++ LUNA: ASI, A BORDO STAZIONE GATEWAY CI SAR\u00c0 UN ITALIANO ++(ANSA) &#8211; PARIGI, 23 NOV &#8211; L&#8217;Italia ha ottenuto l&#8217; &#8220;impegno formale&#8221; da parte dell&#8217;Agenzia Spaziale Europea (Esa) che uno dei due astronauti italiani della classe 2009, ossia Samantha Cristoforetti o Luca Parmitano, parteciper\u00e0 alla prevista missione a bordo della futura stazione spaziale Lunar [&hellip;]","protected":false},"author":1,"featured_media":0,"comment_status":"","ping_status":"","sticky":false,"template":"","format":"standard","meta":{"footnotes":""},"tags":[],"class_list":["post-1024","post","type-post","status-publish","format-standard","hentry"],"_links":{"self":[{"href":"https:\/\/ambsantodomingo.esteri.it\/it\/wp-json\/wp\/v2\/posts\/1024","targetHints":{"allow":["GET"]}}],"collection":[{"href":"https:\/\/ambsantodomingo.esteri.it\/it\/wp-json\/wp\/v2\/posts"}],"about":[{"href":"https:\/\/ambsantodomingo.esteri.it\/it\/wp-json\/wp\/v2\/types\/post"}],"author":[{"embeddable":true,"href":"https:\/\/ambsantodomingo.esteri.it\/it\/wp-json\/wp\/v2\/users\/1"}],"replies":[{"embeddable":true,"href":"https:\/\/ambsantodomingo.esteri.it\/it\/wp-json\/wp\/v2\/comments?post=1024"}],"version-history":[{"count":0,"href":"https:\/\/ambsantodomingo.esteri.it\/it\/wp-json\/wp\/v2\/posts\/1024\/revisions"}],"wp:attachment":[{"href":"https:\/\/ambsantodomingo.esteri.it\/it\/wp-json\/wp\/v2\/media?parent=1024"}],"wp:term":[{"taxonomy":"post_tag","embeddable":true,"href":"https:\/\/ambsantodomingo.esteri.it\/it\/wp-json\/wp\/v2\/tags?post=1024"}],"curies":[{"name":"wp","href":"https:\/\/api.w.org\/{rel}","templated":true}]}}