{"id":1067,"date":"2022-10-20T21:52:22","date_gmt":"2022-10-21T01:52:22","guid":{"rendered":"https:\/\/ambsantodomingo.esteri.it\/news\/dall_ambasciata\/2022\/10\/italia-punta-su-turismo-radici\/"},"modified":"2022-10-20T21:52:22","modified_gmt":"2022-10-21T01:52:22","slug":"italia-punta-su-turismo-radici","status":"publish","type":"post","link":"https:\/\/ambsantodomingo.esteri.it\/it\/news\/dall_ambasciata\/2022\/10\/italia-punta-su-turismo-radici\/","title":{"rendered":"ITALIA PUNTA SU TURISMO RADICI, GI\u00c0 6 MLN TORNANO IN ITALIA"},"content":{"rendered":"<p>(ANSA) &#8211; ROMA, 20 OTT &#8211; &#8220;\u00c8 un turismo su cui puntiamo e punteremo anche di pi\u00f9 in vista dell&#8217;Anno delle radici che sar\u00e0 nel 2024. Gi\u00e0 6 milioni di italiani ogni anno tornano in Italia per questo motivo per 60 milioni di pernottamenti. \u00c8 importante perch\u00e9 si muove su tutto l&#8217;anno (con un piccolo picco ad agosto) e pur essendo trasversale riguarda anche molto i giovani che vogliono riscoprire le loro origini. La spesa media \u00e8 74 euro perch\u00e9 spesso si dorme a casa dei parenti e si perde la componente alberghiera, la provenienza pi\u00f9 forte \u00e8 da tutto il Sudamerica (Argentina e Brasile in primis) ma anche Stati Uniti&#8221;. Lo dice Roberta Garibaldi, amministratrice delegata dell&#8217;Enit alla presentazione alla presentazione di &#8220;Roots-in&#8221; la prima borsa internazionale del turismo delle origini che si terr\u00e0 a Matera il 20 e il 21 novembre. (ANSA). ROMA CNZ 2022-10-20 12:32 XIC22293002134_SXB_QBXB<\/p>\n","protected":false},"excerpt":{"rendered":"(ANSA) &#8211; ROMA, 20 OTT &#8211; &#8220;\u00c8 un turismo su cui puntiamo e punteremo anche di pi\u00f9 in vista dell&#8217;Anno delle radici che sar\u00e0 nel 2024. Gi\u00e0 6 milioni di italiani ogni anno tornano in Italia per questo motivo per 60 milioni di pernottamenti. \u00c8 importante perch\u00e9 si muove su tutto l&#8217;anno (con un piccolo [&hellip;]","protected":false},"author":1,"featured_media":0,"comment_status":"","ping_status":"","sticky":false,"template":"","format":"standard","meta":{"footnotes":""},"tags":[],"class_list":["post-1067","post","type-post","status-publish","format-standard","hentry"],"_links":{"self":[{"href":"https:\/\/ambsantodomingo.esteri.it\/it\/wp-json\/wp\/v2\/posts\/1067","targetHints":{"allow":["GET"]}}],"collection":[{"href":"https:\/\/ambsantodomingo.esteri.it\/it\/wp-json\/wp\/v2\/posts"}],"about":[{"href":"https:\/\/ambsantodomingo.esteri.it\/it\/wp-json\/wp\/v2\/types\/post"}],"author":[{"embeddable":true,"href":"https:\/\/ambsantodomingo.esteri.it\/it\/wp-json\/wp\/v2\/users\/1"}],"replies":[{"embeddable":true,"href":"https:\/\/ambsantodomingo.esteri.it\/it\/wp-json\/wp\/v2\/comments?post=1067"}],"version-history":[{"count":0,"href":"https:\/\/ambsantodomingo.esteri.it\/it\/wp-json\/wp\/v2\/posts\/1067\/revisions"}],"wp:attachment":[{"href":"https:\/\/ambsantodomingo.esteri.it\/it\/wp-json\/wp\/v2\/media?parent=1067"}],"wp:term":[{"taxonomy":"post_tag","embeddable":true,"href":"https:\/\/ambsantodomingo.esteri.it\/it\/wp-json\/wp\/v2\/tags?post=1067"}],"curies":[{"name":"wp","href":"https:\/\/api.w.org\/{rel}","templated":true}]}}