{"id":1079,"date":"2022-10-10T22:47:33","date_gmt":"2022-10-11T02:47:33","guid":{"rendered":"https:\/\/ambsantodomingo.esteri.it\/news\/dall_ambasciata\/2022\/10\/las-terrenas-incontro-con-l-ambasciatore\/"},"modified":"2022-10-10T22:47:33","modified_gmt":"2022-10-11T02:47:33","slug":"las-terrenas-incontro-con-l-ambasciatore","status":"publish","type":"post","link":"https:\/\/ambsantodomingo.esteri.it\/it\/news\/dall_ambasciata\/2022\/10\/las-terrenas-incontro-con-l-ambasciatore\/","title":{"rendered":"Las Terrenas-  incontro con l\u2019Ambasciatore il prossimo 15 ottobre alle ore 16"},"content":{"rendered":"<p>L\u2019Ambasciata d\u2019Italia a Santo Domingo informa gli italiani residenti a Las Terrenas e zone limitrofe che il giorno 15 ottobre alle ore 16 ci sar\u00e0 un incontro con l\u2019Ambasciatore, il Capo della Cancelleria Consolare ed una delegazione del Comitato per gli Italiani all\u2019estero (COMITES) presso la sala conferenze dell\u2019hotel Alisei, sito in Calle Francisco Alberto Caama\u00f1o De\u00f1\u00f3.<\/p>\n<p>Per l\u2019accesso sar\u00e0 sufficiente presentare il passaporto italiano all\u2019ingresso del hotel.<\/p>\n","protected":false},"excerpt":{"rendered":"L\u2019Ambasciata d\u2019Italia a Santo Domingo informa gli italiani residenti a Las Terrenas e zone limitrofe che il giorno 15 ottobre alle ore 16 ci sar\u00e0 un incontro con l\u2019Ambasciatore, il Capo della Cancelleria Consolare ed una delegazione del Comitato per gli Italiani all\u2019estero (COMITES) presso la sala conferenze dell\u2019hotel Alisei, sito in Calle Francisco Alberto [&hellip;]","protected":false},"author":1,"featured_media":0,"comment_status":"","ping_status":"","sticky":false,"template":"","format":"standard","meta":{"footnotes":""},"tags":[],"class_list":["post-1079","post","type-post","status-publish","format-standard","hentry"],"_links":{"self":[{"href":"https:\/\/ambsantodomingo.esteri.it\/it\/wp-json\/wp\/v2\/posts\/1079","targetHints":{"allow":["GET"]}}],"collection":[{"href":"https:\/\/ambsantodomingo.esteri.it\/it\/wp-json\/wp\/v2\/posts"}],"about":[{"href":"https:\/\/ambsantodomingo.esteri.it\/it\/wp-json\/wp\/v2\/types\/post"}],"author":[{"embeddable":true,"href":"https:\/\/ambsantodomingo.esteri.it\/it\/wp-json\/wp\/v2\/users\/1"}],"replies":[{"embeddable":true,"href":"https:\/\/ambsantodomingo.esteri.it\/it\/wp-json\/wp\/v2\/comments?post=1079"}],"version-history":[{"count":0,"href":"https:\/\/ambsantodomingo.esteri.it\/it\/wp-json\/wp\/v2\/posts\/1079\/revisions"}],"wp:attachment":[{"href":"https:\/\/ambsantodomingo.esteri.it\/it\/wp-json\/wp\/v2\/media?parent=1079"}],"wp:term":[{"taxonomy":"post_tag","embeddable":true,"href":"https:\/\/ambsantodomingo.esteri.it\/it\/wp-json\/wp\/v2\/tags?post=1079"}],"curies":[{"name":"wp","href":"https:\/\/api.w.org\/{rel}","templated":true}]}}