{"id":1155,"date":"2022-08-03T18:47:55","date_gmt":"2022-08-03T22:47:55","guid":{"rendered":"https:\/\/ambsantodomingo.esteri.it\/news\/dall_ambasciata\/2022\/08\/presentaran-concierto-de-camara\/"},"modified":"2022-08-03T18:47:55","modified_gmt":"2022-08-03T22:47:55","slug":"presentaran-concierto-de-camara","status":"publish","type":"post","link":"https:\/\/ambsantodomingo.esteri.it\/it\/news\/dall_ambasciata\/2022\/08\/presentaran-concierto-de-camara\/","title":{"rendered":"Presentar\u00e1n concierto de c\u00e1mara para cuerdas y \u00f3rgano (hoy.com.do) 2.08.2022"},"content":{"rendered":"<p><a href=\"https:\/\/hoy.com.do\/presentaran-concierto-de-camara-para-cuerdas-y-organo\/\">Presentar\u00e1n concierto de c\u00e1mara para cuerdas y \u00f3rgano (hoy.com.do)<\/a><\/p>\n","protected":false},"excerpt":{"rendered":"Presentar\u00e1n concierto de c\u00e1mara para cuerdas y \u00f3rgano (hoy.com.do)","protected":false},"author":1,"featured_media":0,"comment_status":"","ping_status":"","sticky":false,"template":"","format":"standard","meta":{"footnotes":""},"tags":[],"class_list":["post-1155","post","type-post","status-publish","format-standard","hentry"],"_links":{"self":[{"href":"https:\/\/ambsantodomingo.esteri.it\/it\/wp-json\/wp\/v2\/posts\/1155","targetHints":{"allow":["GET"]}}],"collection":[{"href":"https:\/\/ambsantodomingo.esteri.it\/it\/wp-json\/wp\/v2\/posts"}],"about":[{"href":"https:\/\/ambsantodomingo.esteri.it\/it\/wp-json\/wp\/v2\/types\/post"}],"author":[{"embeddable":true,"href":"https:\/\/ambsantodomingo.esteri.it\/it\/wp-json\/wp\/v2\/users\/1"}],"replies":[{"embeddable":true,"href":"https:\/\/ambsantodomingo.esteri.it\/it\/wp-json\/wp\/v2\/comments?post=1155"}],"version-history":[{"count":0,"href":"https:\/\/ambsantodomingo.esteri.it\/it\/wp-json\/wp\/v2\/posts\/1155\/revisions"}],"wp:attachment":[{"href":"https:\/\/ambsantodomingo.esteri.it\/it\/wp-json\/wp\/v2\/media?parent=1155"}],"wp:term":[{"taxonomy":"post_tag","embeddable":true,"href":"https:\/\/ambsantodomingo.esteri.it\/it\/wp-json\/wp\/v2\/tags?post=1155"}],"curies":[{"name":"wp","href":"https:\/\/api.w.org\/{rel}","templated":true}]}}