{"id":1185,"date":"2022-06-29T15:07:11","date_gmt":"2022-06-29T19:07:11","guid":{"rendered":"https:\/\/ambsantodomingo.esteri.it\/news\/dall_ambasciata\/2022\/06\/embajador-de-italia-en-republica\/"},"modified":"2022-06-29T15:07:11","modified_gmt":"2022-06-29T19:07:11","slug":"embajador-de-italia-en-republica","status":"publish","type":"post","link":"https:\/\/ambsantodomingo.esteri.it\/it\/news\/dall_ambasciata\/2022\/06\/embajador-de-italia-en-republica\/","title":{"rendered":"Embajador de Italia en Rep\u00fablica Dominicana visita Planta de producci\u00f3n cementera en Palenque | List\u00edn Diario (listindiario.com)"},"content":{"rendered":"<p><a href=\"https:\/\/listindiario.com\/economia\/2022\/06\/28\/727796\/embajador-de-italia-en-republica-dominicana-visita-planta-de-produccion-cementera-en-palenque\">Embajador de Italia en Rep\u00fablica Dominicana visita Planta de producci\u00f3n cementera en Palenque | List\u00edn Diario (listindiario.com)<\/a><\/p>\n","protected":false},"excerpt":{"rendered":"Embajador de Italia en Rep\u00fablica Dominicana visita Planta de producci\u00f3n cementera en Palenque | List\u00edn Diario (listindiario.com)","protected":false},"author":1,"featured_media":0,"comment_status":"","ping_status":"","sticky":false,"template":"","format":"standard","meta":{"footnotes":""},"tags":[],"class_list":["post-1185","post","type-post","status-publish","format-standard","hentry"],"_links":{"self":[{"href":"https:\/\/ambsantodomingo.esteri.it\/it\/wp-json\/wp\/v2\/posts\/1185","targetHints":{"allow":["GET"]}}],"collection":[{"href":"https:\/\/ambsantodomingo.esteri.it\/it\/wp-json\/wp\/v2\/posts"}],"about":[{"href":"https:\/\/ambsantodomingo.esteri.it\/it\/wp-json\/wp\/v2\/types\/post"}],"author":[{"embeddable":true,"href":"https:\/\/ambsantodomingo.esteri.it\/it\/wp-json\/wp\/v2\/users\/1"}],"replies":[{"embeddable":true,"href":"https:\/\/ambsantodomingo.esteri.it\/it\/wp-json\/wp\/v2\/comments?post=1185"}],"version-history":[{"count":0,"href":"https:\/\/ambsantodomingo.esteri.it\/it\/wp-json\/wp\/v2\/posts\/1185\/revisions"}],"wp:attachment":[{"href":"https:\/\/ambsantodomingo.esteri.it\/it\/wp-json\/wp\/v2\/media?parent=1185"}],"wp:term":[{"taxonomy":"post_tag","embeddable":true,"href":"https:\/\/ambsantodomingo.esteri.it\/it\/wp-json\/wp\/v2\/tags?post=1185"}],"curies":[{"name":"wp","href":"https:\/\/api.w.org\/{rel}","templated":true}]}}