{"id":1237,"date":"2022-06-16T14:58:54","date_gmt":"2022-06-16T18:58:54","guid":{"rendered":"https:\/\/ambsantodomingo.esteri.it\/news\/dall_ambasciata\/2022\/06\/accordo-esa-nasa-per-primi-astronauti\/"},"modified":"2022-06-16T14:58:54","modified_gmt":"2022-06-16T18:58:54","slug":"accordo-esa-nasa-per-primi-astronauti","status":"publish","type":"post","link":"https:\/\/ambsantodomingo.esteri.it\/it\/news\/dall_ambasciata\/2022\/06\/accordo-esa-nasa-per-primi-astronauti\/","title":{"rendered":"ACCORDO ESA-NASA PER PRIMI ASTRONAUTI EUROPEI SULLA LUNA"},"content":{"rendered":"<p>\u00a0<\/p>\n<p>(ANSA) &#8211; ROMA, 15 GIU &#8211; I voli per i tre astronauti europei saranno diretti alla futura stazione spaziale Gateway, nell&#8217;orbita lunare, la cui realizzazione \u00e8 prevista nell&#8217;ambito del progetto Artemis della Nasa, del quale l&#8217;Esa \u00e8 partner. &#8220;Sar\u00e0 un primo passo molto importante per portare in seguito l&#8217;Europa sulla superficie lunare&#8221;, ha osservato Aschbacher. &#8220;Non vediamo l&#8217;ora che un astronauta dell&#8217;Esa si unisca a noi sulla superficie della Luna, consolidando ulteriormente la nostra collaborazione di lunga data&#8221;, ha detto l&#8217;amministratore della Nasa Bill Nelson. BG<\/p>\n","protected":false},"excerpt":{"rendered":"\u00a0 (ANSA) &#8211; ROMA, 15 GIU &#8211; I voli per i tre astronauti europei saranno diretti alla futura stazione spaziale Gateway, nell&#8217;orbita lunare, la cui realizzazione \u00e8 prevista nell&#8217;ambito del progetto Artemis della Nasa, del quale l&#8217;Esa \u00e8 partner. &#8220;Sar\u00e0 un primo passo molto importante per portare in seguito l&#8217;Europa sulla superficie lunare&#8221;, ha osservato [&hellip;]","protected":false},"author":1,"featured_media":0,"comment_status":"","ping_status":"","sticky":false,"template":"","format":"standard","meta":{"footnotes":""},"tags":[],"class_list":["post-1237","post","type-post","status-publish","format-standard","hentry"],"_links":{"self":[{"href":"https:\/\/ambsantodomingo.esteri.it\/it\/wp-json\/wp\/v2\/posts\/1237","targetHints":{"allow":["GET"]}}],"collection":[{"href":"https:\/\/ambsantodomingo.esteri.it\/it\/wp-json\/wp\/v2\/posts"}],"about":[{"href":"https:\/\/ambsantodomingo.esteri.it\/it\/wp-json\/wp\/v2\/types\/post"}],"author":[{"embeddable":true,"href":"https:\/\/ambsantodomingo.esteri.it\/it\/wp-json\/wp\/v2\/users\/1"}],"replies":[{"embeddable":true,"href":"https:\/\/ambsantodomingo.esteri.it\/it\/wp-json\/wp\/v2\/comments?post=1237"}],"version-history":[{"count":0,"href":"https:\/\/ambsantodomingo.esteri.it\/it\/wp-json\/wp\/v2\/posts\/1237\/revisions"}],"wp:attachment":[{"href":"https:\/\/ambsantodomingo.esteri.it\/it\/wp-json\/wp\/v2\/media?parent=1237"}],"wp:term":[{"taxonomy":"post_tag","embeddable":true,"href":"https:\/\/ambsantodomingo.esteri.it\/it\/wp-json\/wp\/v2\/tags?post=1237"}],"curies":[{"name":"wp","href":"https:\/\/api.w.org\/{rel}","templated":true}]}}