{"id":1258,"date":"2022-06-07T14:59:16","date_gmt":"2022-06-07T18:59:16","guid":{"rendered":"https:\/\/ambsantodomingo.esteri.it\/news\/dall_ambasciata\/2022\/06\/el-turismo-mundial-acelera-espana\/"},"modified":"2022-06-07T14:59:16","modified_gmt":"2022-06-07T18:59:16","slug":"el-turismo-mundial-acelera-espana","status":"publish","type":"post","link":"https:\/\/ambsantodomingo.esteri.it\/it\/news\/dall_ambasciata\/2022\/06\/el-turismo-mundial-acelera-espana\/","title":{"rendered":"El turismo mundial acelera: Espa\u00f1a, Italia, Turqu\u00eda y M\u00e9xico, protagonistas de la recuperaci\u00f3n-07.06.2022 Expansion"},"content":{"rendered":"<p><a href=\"https:\/\/www.expansion.com\/economia\/2022\/06\/07\/629e4d9d468aeb2c148b4657.html\">https:\/\/www.expansion.com\/economia\/2022\/06\/07\/629e4d9d468aeb2c148b4657.html<\/a>\u00a0<\/p>\n","protected":false},"excerpt":{"rendered":"https:\/\/www.expansion.com\/economia\/2022\/06\/07\/629e4d9d468aeb2c148b4657.html\u00a0","protected":false},"author":1,"featured_media":0,"comment_status":"","ping_status":"","sticky":false,"template":"","format":"standard","meta":{"footnotes":""},"tags":[],"class_list":["post-1258","post","type-post","status-publish","format-standard","hentry"],"_links":{"self":[{"href":"https:\/\/ambsantodomingo.esteri.it\/it\/wp-json\/wp\/v2\/posts\/1258","targetHints":{"allow":["GET"]}}],"collection":[{"href":"https:\/\/ambsantodomingo.esteri.it\/it\/wp-json\/wp\/v2\/posts"}],"about":[{"href":"https:\/\/ambsantodomingo.esteri.it\/it\/wp-json\/wp\/v2\/types\/post"}],"author":[{"embeddable":true,"href":"https:\/\/ambsantodomingo.esteri.it\/it\/wp-json\/wp\/v2\/users\/1"}],"replies":[{"embeddable":true,"href":"https:\/\/ambsantodomingo.esteri.it\/it\/wp-json\/wp\/v2\/comments?post=1258"}],"version-history":[{"count":0,"href":"https:\/\/ambsantodomingo.esteri.it\/it\/wp-json\/wp\/v2\/posts\/1258\/revisions"}],"wp:attachment":[{"href":"https:\/\/ambsantodomingo.esteri.it\/it\/wp-json\/wp\/v2\/media?parent=1258"}],"wp:term":[{"taxonomy":"post_tag","embeddable":true,"href":"https:\/\/ambsantodomingo.esteri.it\/it\/wp-json\/wp\/v2\/tags?post=1258"}],"curies":[{"name":"wp","href":"https:\/\/api.w.org\/{rel}","templated":true}]}}