{"id":1292,"date":"2022-05-20T15:03:58","date_gmt":"2022-05-20T19:03:58","guid":{"rendered":"https:\/\/ambsantodomingo.esteri.it\/news\/dall_ambasciata\/2022\/05\/garcia-fermin-resalta-interes-de\/"},"modified":"2022-05-20T15:03:58","modified_gmt":"2022-05-20T19:03:58","slug":"garcia-fermin-resalta-interes-de","status":"publish","type":"post","link":"https:\/\/ambsantodomingo.esteri.it\/it\/news\/dall_ambasciata\/2022\/05\/garcia-fermin-resalta-interes-de\/","title":{"rendered":"Garc\u00eda Ferm\u00edn resalta inter\u00e9s de Abinader de que los j\u00f3venes puedan alcanzar educaci\u00f3n de alta calidad- El Nuevo Diario 19.05.2022"},"content":{"rendered":"<p><a href=\"https:\/\/elnuevodiario.com.do\/garcia-fermin-resalta-interes-de-abinader-de-que-los-jovenes-puedan-alcanzar-educacion-de-alta-calidad\/\">Garc\u00eda Ferm\u00edn resalta inter\u00e9s de Abinader de que los j\u00f3venes puedan alcanzar educaci\u00f3n de alta calidad (elnuevodiario.com.do)<\/a><\/p>\n","protected":false},"excerpt":{"rendered":"Garc\u00eda Ferm\u00edn resalta inter\u00e9s de Abinader de que los j\u00f3venes puedan alcanzar educaci\u00f3n de alta calidad (elnuevodiario.com.do)","protected":false},"author":1,"featured_media":0,"comment_status":"","ping_status":"","sticky":false,"template":"","format":"standard","meta":{"footnotes":""},"tags":[],"class_list":["post-1292","post","type-post","status-publish","format-standard","hentry"],"_links":{"self":[{"href":"https:\/\/ambsantodomingo.esteri.it\/it\/wp-json\/wp\/v2\/posts\/1292","targetHints":{"allow":["GET"]}}],"collection":[{"href":"https:\/\/ambsantodomingo.esteri.it\/it\/wp-json\/wp\/v2\/posts"}],"about":[{"href":"https:\/\/ambsantodomingo.esteri.it\/it\/wp-json\/wp\/v2\/types\/post"}],"author":[{"embeddable":true,"href":"https:\/\/ambsantodomingo.esteri.it\/it\/wp-json\/wp\/v2\/users\/1"}],"replies":[{"embeddable":true,"href":"https:\/\/ambsantodomingo.esteri.it\/it\/wp-json\/wp\/v2\/comments?post=1292"}],"version-history":[{"count":0,"href":"https:\/\/ambsantodomingo.esteri.it\/it\/wp-json\/wp\/v2\/posts\/1292\/revisions"}],"wp:attachment":[{"href":"https:\/\/ambsantodomingo.esteri.it\/it\/wp-json\/wp\/v2\/media?parent=1292"}],"wp:term":[{"taxonomy":"post_tag","embeddable":true,"href":"https:\/\/ambsantodomingo.esteri.it\/it\/wp-json\/wp\/v2\/tags?post=1292"}],"curies":[{"name":"wp","href":"https:\/\/api.w.org\/{rel}","templated":true}]}}