{"id":1297,"date":"2022-05-19T17:48:23","date_gmt":"2022-05-19T21:48:23","guid":{"rendered":"https:\/\/ambsantodomingo.esteri.it\/news\/dall_ambasciata\/2022\/05\/un-dibujo-inedito-de-miguel-angel\/"},"modified":"2022-05-19T17:48:23","modified_gmt":"2022-05-19T21:48:23","slug":"un-dibujo-inedito-de-miguel-angel","status":"publish","type":"post","link":"https:\/\/ambsantodomingo.esteri.it\/it\/news\/dall_ambasciata\/2022\/05\/un-dibujo-inedito-de-miguel-angel\/","title":{"rendered":"Un dibujo in\u00e9dito de Miguel \u00c1ngel supera los 23 millones en una subasta | List\u00edn Diario 18.05.2022"},"content":{"rendered":"<p><a href=\"https:\/\/listindiario.com\/las-mundiales\/2022\/05\/18\/721942\/un-dibujo-inedito-de-miguel-angel-supera-los-23-millones-en-una-subasta\">Un dibujo in\u00e9dito de Miguel \u00c1ngel supera los 23 millones en una subasta | List\u00edn Diario (listindiario.com)<\/a><\/p>\n","protected":false},"excerpt":{"rendered":"Un dibujo in\u00e9dito de Miguel \u00c1ngel supera los 23 millones en una subasta | List\u00edn Diario (listindiario.com)","protected":false},"author":1,"featured_media":0,"comment_status":"","ping_status":"","sticky":false,"template":"","format":"standard","meta":{"footnotes":""},"tags":[],"class_list":["post-1297","post","type-post","status-publish","format-standard","hentry"],"_links":{"self":[{"href":"https:\/\/ambsantodomingo.esteri.it\/it\/wp-json\/wp\/v2\/posts\/1297","targetHints":{"allow":["GET"]}}],"collection":[{"href":"https:\/\/ambsantodomingo.esteri.it\/it\/wp-json\/wp\/v2\/posts"}],"about":[{"href":"https:\/\/ambsantodomingo.esteri.it\/it\/wp-json\/wp\/v2\/types\/post"}],"author":[{"embeddable":true,"href":"https:\/\/ambsantodomingo.esteri.it\/it\/wp-json\/wp\/v2\/users\/1"}],"replies":[{"embeddable":true,"href":"https:\/\/ambsantodomingo.esteri.it\/it\/wp-json\/wp\/v2\/comments?post=1297"}],"version-history":[{"count":0,"href":"https:\/\/ambsantodomingo.esteri.it\/it\/wp-json\/wp\/v2\/posts\/1297\/revisions"}],"wp:attachment":[{"href":"https:\/\/ambsantodomingo.esteri.it\/it\/wp-json\/wp\/v2\/media?parent=1297"}],"wp:term":[{"taxonomy":"post_tag","embeddable":true,"href":"https:\/\/ambsantodomingo.esteri.it\/it\/wp-json\/wp\/v2\/tags?post=1297"}],"curies":[{"name":"wp","href":"https:\/\/api.w.org\/{rel}","templated":true}]}}