{"id":1301,"date":"2022-05-19T17:46:20","date_gmt":"2022-05-19T21:46:20","guid":{"rendered":"https:\/\/ambsantodomingo.esteri.it\/news\/dall_ambasciata\/2022\/05\/industria-nautica-aboga-por-adecuacion\/"},"modified":"2022-05-19T17:46:20","modified_gmt":"2022-05-19T21:46:20","slug":"industria-nautica-aboga-por-adecuacion","status":"publish","type":"post","link":"https:\/\/ambsantodomingo.esteri.it\/it\/news\/dall_ambasciata\/2022\/05\/industria-nautica-aboga-por-adecuacion\/","title":{"rendered":"Industria n\u00e1utica aboga por adecuaci\u00f3n de puertos para atraer m\u00e1s turistas a RD- Diario Libre 19.05.2022"},"content":{"rendered":"<p><a href=\"https:\/\/www.diariolibre.com\/economia\/turismo\/2022\/05\/19\/industria-nautica-aboga-por-la-adecuacion-de-puertos-en-rd\/1837140\">Industria n\u00e1utica aboga por la adecuaci\u00f3n de puertos en RD &#8211; Diario Libre<\/a><\/p>\n","protected":false},"excerpt":{"rendered":"Industria n\u00e1utica aboga por la adecuaci\u00f3n de puertos en RD &#8211; Diario Libre","protected":false},"author":1,"featured_media":0,"comment_status":"","ping_status":"","sticky":false,"template":"","format":"standard","meta":{"footnotes":""},"tags":[],"class_list":["post-1301","post","type-post","status-publish","format-standard","hentry"],"_links":{"self":[{"href":"https:\/\/ambsantodomingo.esteri.it\/it\/wp-json\/wp\/v2\/posts\/1301","targetHints":{"allow":["GET"]}}],"collection":[{"href":"https:\/\/ambsantodomingo.esteri.it\/it\/wp-json\/wp\/v2\/posts"}],"about":[{"href":"https:\/\/ambsantodomingo.esteri.it\/it\/wp-json\/wp\/v2\/types\/post"}],"author":[{"embeddable":true,"href":"https:\/\/ambsantodomingo.esteri.it\/it\/wp-json\/wp\/v2\/users\/1"}],"replies":[{"embeddable":true,"href":"https:\/\/ambsantodomingo.esteri.it\/it\/wp-json\/wp\/v2\/comments?post=1301"}],"version-history":[{"count":0,"href":"https:\/\/ambsantodomingo.esteri.it\/it\/wp-json\/wp\/v2\/posts\/1301\/revisions"}],"wp:attachment":[{"href":"https:\/\/ambsantodomingo.esteri.it\/it\/wp-json\/wp\/v2\/media?parent=1301"}],"wp:term":[{"taxonomy":"post_tag","embeddable":true,"href":"https:\/\/ambsantodomingo.esteri.it\/it\/wp-json\/wp\/v2\/tags?post=1301"}],"curies":[{"name":"wp","href":"https:\/\/api.w.org\/{rel}","templated":true}]}}