{"id":1336,"date":"2022-04-11T17:57:15","date_gmt":"2022-04-11T21:57:15","guid":{"rendered":"https:\/\/ambsantodomingo.esteri.it\/news\/dall_ambasciata\/2022\/04\/esta-en-juego-la-libertad-y-los\/"},"modified":"2022-04-11T17:57:15","modified_gmt":"2022-04-11T21:57:15","slug":"esta-en-juego-la-libertad-y-los","status":"publish","type":"post","link":"https:\/\/ambsantodomingo.esteri.it\/it\/news\/dall_ambasciata\/2022\/04\/esta-en-juego-la-libertad-y-los\/","title":{"rendered":"Est\u00e1 en juego la libertad y los valores democr\u00e1ticos de todas las naciones &#8211; Peri\u00f3dico El Caribe"},"content":{"rendered":"<p><a href=\"https:\/\/www.elcaribe.com.do\/opiniones\/esta-en-juego-la-libertad-y-los-valores-democraticos-de-todas-las-naciones-2\/\">Est\u00e1 en juego la libertad y los valores democr\u00e1ticos de todas las naciones &#8211; Peri\u00f3dico El Caribe<\/a><\/p>\n","protected":false},"excerpt":{"rendered":"Est\u00e1 en juego la libertad y los valores democr\u00e1ticos de todas las naciones &#8211; Peri\u00f3dico El Caribe","protected":false},"author":1,"featured_media":0,"comment_status":"","ping_status":"","sticky":false,"template":"","format":"standard","meta":{"footnotes":""},"tags":[],"class_list":["post-1336","post","type-post","status-publish","format-standard","hentry"],"_links":{"self":[{"href":"https:\/\/ambsantodomingo.esteri.it\/it\/wp-json\/wp\/v2\/posts\/1336","targetHints":{"allow":["GET"]}}],"collection":[{"href":"https:\/\/ambsantodomingo.esteri.it\/it\/wp-json\/wp\/v2\/posts"}],"about":[{"href":"https:\/\/ambsantodomingo.esteri.it\/it\/wp-json\/wp\/v2\/types\/post"}],"author":[{"embeddable":true,"href":"https:\/\/ambsantodomingo.esteri.it\/it\/wp-json\/wp\/v2\/users\/1"}],"replies":[{"embeddable":true,"href":"https:\/\/ambsantodomingo.esteri.it\/it\/wp-json\/wp\/v2\/comments?post=1336"}],"version-history":[{"count":0,"href":"https:\/\/ambsantodomingo.esteri.it\/it\/wp-json\/wp\/v2\/posts\/1336\/revisions"}],"wp:attachment":[{"href":"https:\/\/ambsantodomingo.esteri.it\/it\/wp-json\/wp\/v2\/media?parent=1336"}],"wp:term":[{"taxonomy":"post_tag","embeddable":true,"href":"https:\/\/ambsantodomingo.esteri.it\/it\/wp-json\/wp\/v2\/tags?post=1336"}],"curies":[{"name":"wp","href":"https:\/\/api.w.org\/{rel}","templated":true}]}}