{"id":1392,"date":"2022-02-11T16:15:00","date_gmt":"2022-02-11T20:15:00","guid":{"rendered":"https:\/\/ambsantodomingo.esteri.it\/news\/dall_ambasciata\/2022\/02\/farnesina-mibac-al-via-il-progetto\/"},"modified":"2022-02-11T16:15:00","modified_gmt":"2022-02-11T20:15:00","slug":"farnesina-mibac-al-via-il-progetto","status":"publish","type":"post","link":"https:\/\/ambsantodomingo.esteri.it\/it\/news\/dall_ambasciata\/2022\/02\/farnesina-mibac-al-via-il-progetto\/","title":{"rendered":"FARNESINA-MIBAC, AL VIA IL PROGETTO &#8216;TURISMO DELLE RADICI&#8217;"},"content":{"rendered":"<p>(ANSA) &#8211; ROMA, 10 FEB &#8211; Il Direttore Generale dell&#8217;Unit\u00e0 di Missione per l&#8217;attuazione del PNRR del Ministero della Cultura, Angelantonio Orlando e il Direttore Generale per gli Italiani all&#8217;Estero della Farnesina, Luigi Maria Vignali, hanno firmato oggi l&#8217;Accordo che avvia ufficialmente il Progetto PNRR &#8220;Il turismo delle radici &#8211; una strategia integrata per la ripresa del settore del turismo nell&#8217;Italia post covid-19&#8243;, grazie al sostegno tecnico e di indirizzo fornito dal Servizio Centrale per il PNRR. Il Progetto si inserisce nell&#8217;investimento per l'&#8221;Attrattivit\u00e0 dei Borghi&#8221; del Piano Nazionale di Ripresa e Resilienza e propone un ampio raggio di offerte turistiche mirate alla vasta platea di italo-discendenti e di oriundi italiani nel mondo (stimati in circa 80 milioni). L&#8217;iniziativa, fortemente innovativa, \u00e8 stata messa a punto dalla Farnesina e dal del Ministero della Cultura grazie ai contributi di un apposito Tavolo Tecnico sul Turismo delle Radici, avviato sin dal 2018 in collaborazione con Regioni, enti locali, centri accademici e di ricerca, enti museali e biblioteche, operatori turistici e comunit\u00e0 di italiani all&#8217;estero. Le comunit\u00e0 italiane all&#8217;estero verranno cos\u00ec coinvolte in tutto il mondo sia nella valorizzazione della nostra offerta turistica, sia in un&#8217;articolata strategia volta a invertire il processo di depauperamento dei borghi italiani. Ritrovare le radici permetter\u00e0 una riscoperta &#8220;a tutto tondo&#8221; dei luoghi di provenienza, consentendo ai visitatori di riappropriarsi della cultura delle loro origini anche attraverso tradizioni, testimonianze, artigianato e gastronomia. Un viaggio emozionale per riconoscere e promuovere l&#8217;elemento identitario del nostro Paese e sostenere attivamente il rilancio post Covid del nostro turismo e della nostra economia. (ANSA). ROMA COM-ML 2022-02-10 18:04<\/p>\n","protected":false},"excerpt":{"rendered":"(ANSA) &#8211; ROMA, 10 FEB &#8211; Il Direttore Generale dell&#8217;Unit\u00e0 di Missione per l&#8217;attuazione del PNRR del Ministero della Cultura, Angelantonio Orlando e il Direttore Generale per gli Italiani all&#8217;Estero della Farnesina, Luigi Maria Vignali, hanno firmato oggi l&#8217;Accordo che avvia ufficialmente il Progetto PNRR &#8220;Il turismo delle radici &#8211; una strategia integrata per la [&hellip;]","protected":false},"author":1,"featured_media":0,"comment_status":"","ping_status":"","sticky":false,"template":"","format":"standard","meta":{"footnotes":""},"tags":[],"class_list":["post-1392","post","type-post","status-publish","format-standard","hentry"],"_links":{"self":[{"href":"https:\/\/ambsantodomingo.esteri.it\/it\/wp-json\/wp\/v2\/posts\/1392","targetHints":{"allow":["GET"]}}],"collection":[{"href":"https:\/\/ambsantodomingo.esteri.it\/it\/wp-json\/wp\/v2\/posts"}],"about":[{"href":"https:\/\/ambsantodomingo.esteri.it\/it\/wp-json\/wp\/v2\/types\/post"}],"author":[{"embeddable":true,"href":"https:\/\/ambsantodomingo.esteri.it\/it\/wp-json\/wp\/v2\/users\/1"}],"replies":[{"embeddable":true,"href":"https:\/\/ambsantodomingo.esteri.it\/it\/wp-json\/wp\/v2\/comments?post=1392"}],"version-history":[{"count":0,"href":"https:\/\/ambsantodomingo.esteri.it\/it\/wp-json\/wp\/v2\/posts\/1392\/revisions"}],"wp:attachment":[{"href":"https:\/\/ambsantodomingo.esteri.it\/it\/wp-json\/wp\/v2\/media?parent=1392"}],"wp:term":[{"taxonomy":"post_tag","embeddable":true,"href":"https:\/\/ambsantodomingo.esteri.it\/it\/wp-json\/wp\/v2\/tags?post=1392"}],"curies":[{"name":"wp","href":"https:\/\/api.w.org\/{rel}","templated":true}]}}