{"id":1403,"date":"2022-02-04T15:03:51","date_gmt":"2022-02-04T19:03:51","guid":{"rendered":"https:\/\/ambsantodomingo.esteri.it\/news\/dall_ambasciata\/2022\/02\/pro-consumidor-e-l-omologo-italiano\/"},"modified":"2022-02-04T15:03:51","modified_gmt":"2022-02-04T19:03:51","slug":"pro-consumidor-e-l-omologo-italiano","status":"publish","type":"post","link":"https:\/\/ambsantodomingo.esteri.it\/it\/news\/dall_ambasciata\/2022\/02\/pro-consumidor-e-l-omologo-italiano\/","title":{"rendered":"Pro Consumidor e l&#8217;omologo italiano firmeranno un accordo per affrontare la pubblicit\u00e0 ingannevole."},"content":{"rendered":"<p>Il direttore esecutivo dell&#8217;Istituto nazionale per la protezione dei diritti dei consumatori (Pro Consumer), Eddy Alc\u00e1ntara, e il suo omologo italiano, Roberto Tascini, presidente italiano dell&#8217;Associazione per la protezione e la difesa dei consumatori (ADOC), hanno tenuto questo gioved\u00ec un incontro via zoom, in cui hanno concordato di firmare un accordo per collaborare contro la pubblicit\u00e0 ingannevole. L&#8217;obiettivo fondamentale di questo accordo \u00e8 che non solo gli Stati possano applicare la procedura nata e attuata nel territorio dominicano, ma che possano ottenere gli stessi risultati che sono stati raggiunti nel Paese.<\/p>\n<p><a href=\"https:\/\/www.elcaribe.com.do\/panorama\/pais\/pro-consumidor-y-homologo-de-italia-firmaran-acuerdo-para-enfrentar-la-publicidad-enganosa\">https:\/\/www.elcaribe.com.do\/panorama\/pais\/pro-consumidor-y-homologo-de-italia-firmaran-acuerdo-para-enfrentar-la-publicidad-enganosa<\/a>\u00a0<\/p>\n<p><a href=\"https:\/\/eldia.com.do\/pro-consumidor-y-homologo-de-italia-firmaran-acuerdo\/\">https:\/\/eldia.com.do\/pro-consumidor-y-homologo-de-italia-firmaran-acuerdo\/<\/a>\u00a0<\/p>\n","protected":false},"excerpt":{"rendered":"Il direttore esecutivo dell&#8217;Istituto nazionale per la protezione dei diritti dei consumatori (Pro Consumer), Eddy Alc\u00e1ntara, e il suo omologo italiano, Roberto Tascini, presidente italiano dell&#8217;Associazione per la protezione e la difesa dei consumatori (ADOC), hanno tenuto questo gioved\u00ec un incontro via zoom, in cui hanno concordato di firmare un accordo per collaborare contro la [&hellip;]","protected":false},"author":1,"featured_media":0,"comment_status":"","ping_status":"","sticky":false,"template":"","format":"standard","meta":{"footnotes":""},"tags":[],"class_list":["post-1403","post","type-post","status-publish","format-standard","hentry"],"_links":{"self":[{"href":"https:\/\/ambsantodomingo.esteri.it\/it\/wp-json\/wp\/v2\/posts\/1403","targetHints":{"allow":["GET"]}}],"collection":[{"href":"https:\/\/ambsantodomingo.esteri.it\/it\/wp-json\/wp\/v2\/posts"}],"about":[{"href":"https:\/\/ambsantodomingo.esteri.it\/it\/wp-json\/wp\/v2\/types\/post"}],"author":[{"embeddable":true,"href":"https:\/\/ambsantodomingo.esteri.it\/it\/wp-json\/wp\/v2\/users\/1"}],"replies":[{"embeddable":true,"href":"https:\/\/ambsantodomingo.esteri.it\/it\/wp-json\/wp\/v2\/comments?post=1403"}],"version-history":[{"count":0,"href":"https:\/\/ambsantodomingo.esteri.it\/it\/wp-json\/wp\/v2\/posts\/1403\/revisions"}],"wp:attachment":[{"href":"https:\/\/ambsantodomingo.esteri.it\/it\/wp-json\/wp\/v2\/media?parent=1403"}],"wp:term":[{"taxonomy":"post_tag","embeddable":true,"href":"https:\/\/ambsantodomingo.esteri.it\/it\/wp-json\/wp\/v2\/tags?post=1403"}],"curies":[{"name":"wp","href":"https:\/\/api.w.org\/{rel}","templated":true}]}}