{"id":1432,"date":"2021-12-17T15:08:35","date_gmt":"2021-12-17T19:08:35","guid":{"rendered":"https:\/\/ambsantodomingo.esteri.it\/news\/dall_ambasciata\/2021\/12\/the-economist-incorona-draghi-italia\/"},"modified":"2021-12-17T15:08:35","modified_gmt":"2021-12-17T19:08:35","slug":"the-economist-incorona-draghi-italia","status":"publish","type":"post","link":"https:\/\/ambsantodomingo.esteri.it\/it\/news\/dall_ambasciata\/2021\/12\/the-economist-incorona-draghi-italia\/","title":{"rendered":"THE ECONOMIST INCORONA DRAGHI, &#8216;ITALIA PAESE DELL&#8217;ANNO&#8217;"},"content":{"rendered":"<p>(ANSA) &#8211; ROMA, 16 DIC &#8211; L&#8217;Economist incorona l&#8217;Italia &#8216;Paese dell&#8217;anno&#8217;: &#8220;\u00e8 cambiata&#8221; con Draghi, &#8220;un premier competente e rispettato a livello internazionale&#8221; e non si pu\u00f2 negare che &#8220;sia migliore di un anno fa&#8221;. C&#8217;\u00e8 &#8220;una maggioranza che ha sepolto le divergenze a sostegno di un programma di profonde riforme&#8221; in vista dei fondi del Recovery ed un&#8217;economia che si sta riprendendo meglio di quelle francesi e tedesche, scrive la rivista mettendo per\u00f2 in guardia sul &#8220;pericolo che questa insolita esplosione di governance possa subire un&#8217;inversione&#8221; se Draghi andasse al Quirinale, &#8220;un incarico pi\u00f9 cerimoniale&#8221;, lasciando il posto ad un premier &#8220;meno competente&#8221;.\u00a0<\/p>\n<p><a href=\"https:\/\/www.economist.com\/leaders\/2021\/12\/18\/which-is-the-economists-country-of-the-year-for-2021\">Which is The Economist\u2019s country of the year for 2021?<\/a><\/p>\n","protected":false},"excerpt":{"rendered":"(ANSA) &#8211; ROMA, 16 DIC &#8211; L&#8217;Economist incorona l&#8217;Italia &#8216;Paese dell&#8217;anno&#8217;: &#8220;\u00e8 cambiata&#8221; con Draghi, &#8220;un premier competente e rispettato a livello internazionale&#8221; e non si pu\u00f2 negare che &#8220;sia migliore di un anno fa&#8221;. C&#8217;\u00e8 &#8220;una maggioranza che ha sepolto le divergenze a sostegno di un programma di profonde riforme&#8221; in vista dei fondi [&hellip;]","protected":false},"author":1,"featured_media":0,"comment_status":"","ping_status":"","sticky":false,"template":"","format":"standard","meta":{"footnotes":""},"tags":[],"class_list":["post-1432","post","type-post","status-publish","format-standard","hentry"],"_links":{"self":[{"href":"https:\/\/ambsantodomingo.esteri.it\/it\/wp-json\/wp\/v2\/posts\/1432","targetHints":{"allow":["GET"]}}],"collection":[{"href":"https:\/\/ambsantodomingo.esteri.it\/it\/wp-json\/wp\/v2\/posts"}],"about":[{"href":"https:\/\/ambsantodomingo.esteri.it\/it\/wp-json\/wp\/v2\/types\/post"}],"author":[{"embeddable":true,"href":"https:\/\/ambsantodomingo.esteri.it\/it\/wp-json\/wp\/v2\/users\/1"}],"replies":[{"embeddable":true,"href":"https:\/\/ambsantodomingo.esteri.it\/it\/wp-json\/wp\/v2\/comments?post=1432"}],"version-history":[{"count":0,"href":"https:\/\/ambsantodomingo.esteri.it\/it\/wp-json\/wp\/v2\/posts\/1432\/revisions"}],"wp:attachment":[{"href":"https:\/\/ambsantodomingo.esteri.it\/it\/wp-json\/wp\/v2\/media?parent=1432"}],"wp:term":[{"taxonomy":"post_tag","embeddable":true,"href":"https:\/\/ambsantodomingo.esteri.it\/it\/wp-json\/wp\/v2\/tags?post=1432"}],"curies":[{"name":"wp","href":"https:\/\/api.w.org\/{rel}","templated":true}]}}