{"id":1530,"date":"2021-10-21T18:26:52","date_gmt":"2021-10-21T22:26:52","guid":{"rendered":"https:\/\/ambsantodomingo.esteri.it\/news\/dall_ambasciata\/2021\/10\/dante-l-italiano-libro-scaricabile\/"},"modified":"2021-10-21T18:26:52","modified_gmt":"2021-10-21T22:26:52","slug":"dante-l-italiano-libro-scaricabile","status":"publish","type":"post","link":"https:\/\/ambsantodomingo.esteri.it\/it\/news\/dall_ambasciata\/2021\/10\/dante-l-italiano-libro-scaricabile\/","title":{"rendered":"\u201cDante, L\u2019italiano\u201d libro scaricabile gratuitamente durante la XXI Settimana della Lingua Italiana nel Mondo (18-24 ottobre 2021)"},"content":{"rendered":"<p>L\u2019Accademia della Crusca in collaborazione con il Ministero degli Affari esteri e della Cooperazione Internazionale, in occasione della Settimana della Lingua Italiana nel mondo ha predisposto un volume dedicato al tema della Settimana, \u201cDante, L\u2019italiano\u201d.<\/p>\n<p>Nel libro, intorno alla figura e alla lingua di Dante, convergono storie di ricerca diverse. Studiosi noti e affermati, dantisti di vaglia, si affiancano a giovani ma agguerriti ricercatori. Temi tradizionalmente legati ai pi\u00f9 vari aspetti dell\u2019azione e dell\u2019immagine di Dante tracciano i perimetri fondamentali delle sue idee linguistiche, della sua operosit\u00e0, della sua presenza e del suo riuso nella tradizione e nella storia, non solo letteraria, ma anche figurativa e dialettale; a essi si uniscono temi nuovi e meno scontati, che toccano molti dei mezzi e modi della comunicazione destinata al largo pubblico (dall\u2019opera lirica alle canzoni, dal Dante dei fumetti e per ragazzi al Dante degli enigmisti, fino a una pi\u00f9 generale considerazione del Dante pop). La variet\u00e0 degli argomenti trova riscontro nella disponibilit\u00e0 di materiali inediti e studiati per la prima volta, che ci si augura possano essere apprezzati, anche per una fruizione didattica, da un pubblico italiano e internazionale; a questa finalit\u00e0 risponde anche l\u2019inserimento di una sitografia aggiornata.<\/p>\n<p>Le voci e le figure di poeti e scrittori, enigmisti e fumettisti, che hanno donato le loro creazioni originali, raccontano un dialogo con Dante che viene da lontano e va oltre il centenario. Un valore aggiunto di questo libro, che percorrer\u00e0 le vie del mondo, \u00e8 l\u2019immagine di copertina, realizzata da Federica Mauro, una giovane artista con disabilit\u00e0: al suo Dante e le Stelle \u00e8 affidata una speranza di rinascita, che porti tutti noi \u00aba riveder le stelle\u00bb.<\/p>\n<p>Nel periodo dal 18 al 24 ottobre, potr\u00e0 essere scaricato gratuitamente, al seguente link <a href=\"http:\/\/www.goware-apps.com\/dante-litaliano-giovanna-frosini-giuseppe-polimeni-cura\/\">http:\/\/www.goware-apps.com\/dante-litaliano-giovanna-frosini-giuseppe-polimeni-cura\/<\/a><\/p>\n<p><strong>Autore<\/strong><\/p>\n<p><em>Giovanna Frosini \u00e8 professoressa ordinaria di Linguistica italiana all\u2019Universit\u00e0 per Stranieri di Siena. Con Luca Serianni e Luigi Matt dirige gli \u201cStudi linguistici italiani\u201d. Ha dedicato vari studi e interventi (anche di tipo didattico e di alta divulgazione) all\u2019opera di Dante, sia negli aspetti linguistici sia negli aspetti filologici; fra gli ultimi, Il volgare, in Dante, a cura di Roberto Rea e Justin Steinberg (Carocci, Roma, 2020).<\/em><\/p>\n<p><em>Giuseppe Polimeni \u00e8 professore ordinario di Linguistica italiana all\u2019Universit\u00e0 degli Studi di Milano. Fa parte del gruppo di ricerca \u201cCoordinate dantesche\u201d. Intorno a Dante ha pensato i saggi raccolti nel volume Come fronda in ramo. Forme e modelli della variet\u00e0 nell\u2019Italia dei volgari (Biblion, Milano, 2019). Con Silvia Morgana e Massimo Prada dirige \u201cItaliano LinguaDue\u201d<\/em><\/p>\n","protected":false},"excerpt":{"rendered":"L\u2019Accademia della Crusca in collaborazione con il Ministero degli Affari esteri e della Cooperazione Internazionale, in occasione della Settimana della Lingua Italiana nel mondo ha predisposto un volume dedicato al tema della Settimana, \u201cDante, L\u2019italiano\u201d. Nel libro, intorno alla figura e alla lingua di Dante, convergono storie di ricerca diverse. Studiosi noti e affermati, dantisti [&hellip;]","protected":false},"author":1,"featured_media":0,"comment_status":"","ping_status":"","sticky":false,"template":"","format":"standard","meta":{"footnotes":""},"tags":[],"class_list":["post-1530","post","type-post","status-publish","format-standard","hentry"],"_links":{"self":[{"href":"https:\/\/ambsantodomingo.esteri.it\/it\/wp-json\/wp\/v2\/posts\/1530","targetHints":{"allow":["GET"]}}],"collection":[{"href":"https:\/\/ambsantodomingo.esteri.it\/it\/wp-json\/wp\/v2\/posts"}],"about":[{"href":"https:\/\/ambsantodomingo.esteri.it\/it\/wp-json\/wp\/v2\/types\/post"}],"author":[{"embeddable":true,"href":"https:\/\/ambsantodomingo.esteri.it\/it\/wp-json\/wp\/v2\/users\/1"}],"replies":[{"embeddable":true,"href":"https:\/\/ambsantodomingo.esteri.it\/it\/wp-json\/wp\/v2\/comments?post=1530"}],"version-history":[{"count":0,"href":"https:\/\/ambsantodomingo.esteri.it\/it\/wp-json\/wp\/v2\/posts\/1530\/revisions"}],"wp:attachment":[{"href":"https:\/\/ambsantodomingo.esteri.it\/it\/wp-json\/wp\/v2\/media?parent=1530"}],"wp:term":[{"taxonomy":"post_tag","embeddable":true,"href":"https:\/\/ambsantodomingo.esteri.it\/it\/wp-json\/wp\/v2\/tags?post=1530"}],"curies":[{"name":"wp","href":"https:\/\/api.w.org\/{rel}","templated":true}]}}