{"id":1549,"date":"2021-09-06T21:03:17","date_gmt":"2021-09-07T01:03:17","guid":{"rendered":"https:\/\/ambsantodomingo.esteri.it\/news\/dall_ambasciata\/2021\/09\/presentazione-progetto-nuova-ambasciata\/"},"modified":"2021-09-06T21:03:17","modified_gmt":"2021-09-07T01:03:17","slug":"presentazione-progetto-nuova-ambasciata","status":"publish","type":"post","link":"https:\/\/ambsantodomingo.esteri.it\/it\/news\/dall_ambasciata\/2021\/09\/presentazione-progetto-nuova-ambasciata\/","title":{"rendered":"Presentazione progetto nuova Ambasciata e nuova Residenza d\u2019Italia Santo Domingo"},"content":{"rendered":"<p style=\"text-align: left;\"><img loading=\"lazy\" decoding=\"async\" style=\"float: left;\" src=\"resource\/img\/2021\/09\/unnamed_1.jpg\" alt=\"unnamed 1\" width=\"300\" height=\"169\" \/><img loading=\"lazy\" decoding=\"async\" src=\"resource\/img\/2021\/09\/unnamed_3.jpg\" alt=\"unnamed 3\" width=\"300\" height=\"169\" \/><\/p>\n<p><img loading=\"lazy\" decoding=\"async\" src=\"resource\/img\/2021\/09\/unnamed_4.jpg\" alt=\"unnamed 4\" width=\"300\" height=\"169\" \/><img loading=\"lazy\" decoding=\"async\" src=\"resource\/img\/2021\/09\/unnamed_3.jpg\" alt=\"unnamed 3\" width=\"300\" height=\"169\" \/><\/p>\n<p>\u00a0<\/p>\n<p>Il 10 Agosto l\u2019Ambasciatore Andrea Canepari presso la Camera di Commercio Dominico Italiana, alla presenza di autorit\u00e0 del governo dominicano ed i principali vertici del mondo economico e culturale del paese ha presentato il progetto vincitore per il nuovo complesso edilizio che ospiter\u00e0 le cancellerie, la residenza dell\u2019Ambasciatore, una sala multi-evento per 100 ospiti e altre funzioni ausiliarie.<\/p>\n<p>Il lotto scelto per la costruzione \u00e8 ubicato nella Calle Rafael Augusto Sanchez nel quartiere di Naco. Il terreno ha un\u2019estensione di 13\u2019000 metri quadrati e ospita attualmente un edificio della superfice di circa 1\u2019600 mq, degradato al punto tale da rendere impossibile la sua ristrutturazione se non a costi molto alti. Risulta quindi pi\u00f9 economica la demolizione per far spazio ad un edificio moderno orientato alla minimizzazione dell\u2019invasivit\u00e0 ambientale.<br \/>L\u2019Ambasciatore d\u2019Italia Andrea Canepari ha nuovamente ribadito che la nuova residenza e i nuovi uffici dell\u2019ambasciata saranno intitolati ad Angiolino Vicini Trabucco, donatore all\u2019Italia di questo terreno e dei vecchi uffici dell\u2019Ambasciata.<\/p>\n<p>\u00a0<\/p>\n<p><img loading=\"lazy\" decoding=\"async\" style=\"display: block; margin-left: auto; margin-right: auto;\" src=\"resource\/img\/2021\/09\/unnamed.jpg\" alt=\"unnamed\" width=\"500\" height=\"333\" \/><\/p>\n<p><strong><em>Riconoscimento dell&#8217;avvocato Guillermo Rodriguez Vicini, nipote di Angelino Vicini. Il signor Guillermo Rodriguez Vicini \u00e8 stato riconosciuto per il suo contributo alla comunit\u00e0 domenicana italiana con il conferimento dell&#8217; onorificenza di Gran Ufficiale dell&#8217; Ordine della Stella D&#8217;Italia, essendo questo il pi\u00f9 alto grado dell&#8217;Ordine al Merito, il cui principale esponente \u00e8 il Presidente della Repubblica Italiana, Sergio Mattarella. Santo Domingo, 29 maggio 2019.<\/em><\/strong><\/p>\n<p><span style=\"text-decoration: underline;\"><strong>Durante la presentazione \u00e8 stato precisato che questo progetto non \u00e8 stato ancora approvato e dalle competenti autorit\u00e0 e non pu\u00f2 pertanto essere in alcun modo pensato come definitivo.<\/strong><\/span><br \/>L\u2019idea progettuale che \u00e8 stata scelto tra quelle proposte per lo sviluppo del progetto finale si fonda su tre cardini: la riduzione del consumo, la sostenibilit\u00e0 nell\u2019approvvigionamento per la costruzione e per l\u2019esercizio e la sicurezza, grazie anche all\u2019isolamento sismico.<br \/>Il progetto ambisce a riflettere in modo sobrio i valori dell\u2019architettura e del design italiano nelle forme e nella scelta dei materiali. I tre volumi che articolano la forma di progetto si incastrano gli uni con gli altri attraverso un sofisticato rapporto di pieni e vuoti che viene enfatizzato dalle differenti scelte tecnologiche e costruttive caratterizzanti l\u2019edificio.<br \/>Anche le scelte tecnologiche fanno risaltare il valore della conoscenza e della ricerca che contraddistingue l\u2019Italia. Si ipotizza infatti di sfruttare l\u2019energia solare per garantire all\u2019edificio una sostanziale indipendenza energetica grazie a pannelli fotovoltaici e ad accumulatori di ultima generazione. L\u2019involucro sar\u00e0 reso passivo tramite tetti ad alta riflettenza e parti verdi. Sono incluse le tecnologie di climatizzazione passiva (ventilazione naturale) per ridurre ulteriormente la domanda energetica. Bench\u00e9 non sussistano vincoli specifici il layout funzionale \u00e8 stato studiato per mantenere la maggior parte degli alberi di alto fusto; lo studio del giardino contribuisce ad un microclima favorevole. Le finestrature saranno studiate per attenuare l\u2019effetto serra attraverso l\u2019uso di vetri \u201ca controllo solare\u201d (\u201cselettivi\u201d).<br \/>Sar\u00e0 previsto un impianto di potabilizzazione dell\u2019acqua destinato sia a migliorare la qualit\u00e0 dell\u2019acqua che a garantire uno stoccaggio adeguato ad eventuali disservizi dell\u2019acquedotto.<br \/>Per le pavimentazioni e i rivestimenti interni verranno adottati materiali ricomposti ecocompatibili ed ecosostenibili che adottino l\u2019uso del biossido di titanio combinato con argento, mantiene tutte le propriet\u00e0 fotocatalitiche. L\u2019automazione degli impianti contribuir\u00e0 al controllo dei consumi e alla sicurezza.<br \/>Si prevede l\u2019adozione tecnologie anti-tifone, anti-esplosione e anti-simiche per garantire la funzionalit\u00e0 della struttura anche nello scenario emergenziale conseguente a eventi estremi.<\/p>\n<p><strong><em>\u00a0<\/em><\/strong><\/p>\n","protected":false},"excerpt":{"rendered":"\u00a0 Il 10 Agosto l\u2019Ambasciatore Andrea Canepari presso la Camera di Commercio Dominico Italiana, alla presenza di autorit\u00e0 del governo dominicano ed i principali vertici del mondo economico e culturale del paese ha presentato il progetto vincitore per il nuovo complesso edilizio che ospiter\u00e0 le cancellerie, la residenza dell\u2019Ambasciatore, una sala multi-evento per 100 ospiti [&hellip;]","protected":false},"author":1,"featured_media":0,"comment_status":"","ping_status":"","sticky":false,"template":"","format":"standard","meta":{"footnotes":""},"tags":[],"class_list":["post-1549","post","type-post","status-publish","format-standard","hentry"],"_links":{"self":[{"href":"https:\/\/ambsantodomingo.esteri.it\/it\/wp-json\/wp\/v2\/posts\/1549","targetHints":{"allow":["GET"]}}],"collection":[{"href":"https:\/\/ambsantodomingo.esteri.it\/it\/wp-json\/wp\/v2\/posts"}],"about":[{"href":"https:\/\/ambsantodomingo.esteri.it\/it\/wp-json\/wp\/v2\/types\/post"}],"author":[{"embeddable":true,"href":"https:\/\/ambsantodomingo.esteri.it\/it\/wp-json\/wp\/v2\/users\/1"}],"replies":[{"embeddable":true,"href":"https:\/\/ambsantodomingo.esteri.it\/it\/wp-json\/wp\/v2\/comments?post=1549"}],"version-history":[{"count":0,"href":"https:\/\/ambsantodomingo.esteri.it\/it\/wp-json\/wp\/v2\/posts\/1549\/revisions"}],"wp:attachment":[{"href":"https:\/\/ambsantodomingo.esteri.it\/it\/wp-json\/wp\/v2\/media?parent=1549"}],"wp:term":[{"taxonomy":"post_tag","embeddable":true,"href":"https:\/\/ambsantodomingo.esteri.it\/it\/wp-json\/wp\/v2\/tags?post=1549"}],"curies":[{"name":"wp","href":"https:\/\/api.w.org\/{rel}","templated":true}]}}