{"id":1558,"date":"2021-09-01T20:24:38","date_gmt":"2021-09-02T00:24:38","guid":{"rendered":"https:\/\/ambsantodomingo.esteri.it\/news\/dall_ambasciata\/2021\/09\/informaciones-sobre-la-venta-de\/"},"modified":"2021-09-01T20:24:38","modified_gmt":"2021-09-02T00:24:38","slug":"informaciones-sobre-la-venta-de","status":"publish","type":"post","link":"https:\/\/ambsantodomingo.esteri.it\/it\/news\/dall_ambasciata\/2021\/09\/informaciones-sobre-la-venta-de\/","title":{"rendered":"Informaciones sobre la venta de &#8220;El legado italiano en la Rep\u00fablica Dominicana&#8221;"},"content":{"rendered":"<p>La Embajada ha sido contactada por muchas personas solicitando informaciones sobre la venta del libro &#8220;El legado italiano en la Rep\u00fablica Dominicana\u201d.<\/p>\n<p>El libro se puede comprar:<\/p>\n<p>&#8211; en ingl\u00e9s en la pagina web <a href=\"https:\/\/www.sjupress.com\/\">https:\/\/www.sjupress.com\/<\/a><\/p>\n<p>&#8211; en italiano y espa\u00f1ol en la pagina web <a href=\"https:\/\/www.allemandi.com\/catalogo\/reply\/Jydic5KSrjwcAM6hEBndWw5dXlCJMHHFeB7SepeLptwlhOENYdbwsQEt-PhqON_jqnbuI6FfrZ_-wO48_5Nz4bae_5ogU-3pllwVC81n_6sxEWeu1sKaF8dIntkRv3li\/p1\">https:\/\/www.allemandi.com\/catalogo\/reply\/Jydic5KSrjwcAM6hEBndWw5dXlCJMHHFeB7SepeLptwlhOENYdbwsQEt-PhqON_jqnbuI6FfrZ_-wO48_5Nz4bae_5ogU-3pllwVC81n_6sxEWeu1sKaF8dIntkRv3li\/p1<\/a>.<\/p>\n<p>La Embajada no tiene ninguna responsabilidad en esta transacci\u00f3n, de la cual no es parte, y no tendr\u00e1 ning\u00fan beneficio econ\u00f3mico de estas ventas, como no lo tendr\u00e1 nadie que trabaja con\/por la Embajada o con\/por el Ministerio de Asuntos Exteriores y Cooperacion Internacional de Italia.<\/p>\n<p>Proporcionamos esta informaci\u00f3n solo para evitar el gran n\u00famero de llamadas y correos electr\u00f3nicos que estamos recibiendo Y para ayudar a todos aquellos que deseen conocer el libro en edici\u00f3n impresa.<\/p>\n","protected":false},"excerpt":{"rendered":"La Embajada ha sido contactada por muchas personas solicitando informaciones sobre la venta del libro &#8220;El legado italiano en la Rep\u00fablica Dominicana\u201d. El libro se puede comprar: &#8211; en ingl\u00e9s en la pagina web https:\/\/www.sjupress.com\/ &#8211; en italiano y espa\u00f1ol en la pagina web https:\/\/www.allemandi.com\/catalogo\/reply\/Jydic5KSrjwcAM6hEBndWw5dXlCJMHHFeB7SepeLptwlhOENYdbwsQEt-PhqON_jqnbuI6FfrZ_-wO48_5Nz4bae_5ogU-3pllwVC81n_6sxEWeu1sKaF8dIntkRv3li\/p1. La Embajada no tiene ninguna responsabilidad en esta transacci\u00f3n, de [&hellip;]","protected":false},"author":1,"featured_media":0,"comment_status":"","ping_status":"","sticky":false,"template":"","format":"standard","meta":{"footnotes":""},"tags":[],"class_list":["post-1558","post","type-post","status-publish","format-standard","hentry"],"_links":{"self":[{"href":"https:\/\/ambsantodomingo.esteri.it\/it\/wp-json\/wp\/v2\/posts\/1558","targetHints":{"allow":["GET"]}}],"collection":[{"href":"https:\/\/ambsantodomingo.esteri.it\/it\/wp-json\/wp\/v2\/posts"}],"about":[{"href":"https:\/\/ambsantodomingo.esteri.it\/it\/wp-json\/wp\/v2\/types\/post"}],"author":[{"embeddable":true,"href":"https:\/\/ambsantodomingo.esteri.it\/it\/wp-json\/wp\/v2\/users\/1"}],"replies":[{"embeddable":true,"href":"https:\/\/ambsantodomingo.esteri.it\/it\/wp-json\/wp\/v2\/comments?post=1558"}],"version-history":[{"count":0,"href":"https:\/\/ambsantodomingo.esteri.it\/it\/wp-json\/wp\/v2\/posts\/1558\/revisions"}],"wp:attachment":[{"href":"https:\/\/ambsantodomingo.esteri.it\/it\/wp-json\/wp\/v2\/media?parent=1558"}],"wp:term":[{"taxonomy":"post_tag","embeddable":true,"href":"https:\/\/ambsantodomingo.esteri.it\/it\/wp-json\/wp\/v2\/tags?post=1558"}],"curies":[{"name":"wp","href":"https:\/\/api.w.org\/{rel}","templated":true}]}}