{"id":1601,"date":"2021-08-09T18:49:35","date_gmt":"2021-08-09T22:49:35","guid":{"rendered":"https:\/\/ambsantodomingo.esteri.it\/news\/dall_ambasciata\/2021\/08\/atto-di-riconoscimento-per-s-e\/"},"modified":"2021-08-09T18:49:35","modified_gmt":"2021-08-09T22:49:35","slug":"atto-di-riconoscimento-per-s-e","status":"publish","type":"post","link":"https:\/\/ambsantodomingo.esteri.it\/it\/news\/dall_ambasciata\/2021\/08\/atto-di-riconoscimento-per-s-e\/","title":{"rendered":"Atto di Riconoscimento per S.E. Andrea Canepari, Ambasciatore d&#8217;Italia 10 Agosto, 10.00 via Youtube"},"content":{"rendered":"<p>Gli italiani in Repubblica Dominicana e gli amici dell&#8217;Italia sono invitati a partecipare all&#8217;Atto di Riconoscimento per S.E. Andrea Canepari, Ambasciatore della Repubblica Italiana presso il Governo della Repubblica Dominicana organizzato dalla Camera di Commercio Italo Dominicana e dalla comunit\u00e0 italiana in Repubblica Dominicana, il <strong>10 agosto alle ore 10 attraverso il link:<\/strong> <strong>https:\/\/youtu. be\/myjUD5vmC1U<\/strong><\/p>\n<p>Alla presenza del <strong>Cancelliere Roberto Alvarez, il Presidente Magistrato della Corte Costituzionale Milton Ray Guevara, il Ministro della Cultura Carmen Heredia, il Presidente della Camera dei Deputati Alfredo Pacheco, l&#8217;Arcivescovo Francisco Ozoria<\/strong>, nonche altre importanti personalit\u00e0 del governo dominicano, del mondo economico e culturale della Repubblica Dominicana.<\/p>\n<p><strong>Allo stesso tempo,, saranno svelate le immagini dei progetti vincitori della nuova Ambasciata, Uffici Consolari e Residenza dell&#8217;Ambasciatore d&#8217;Italia, che sar\u00e0 costruita sul terreno donato dal Sig. Angiolino Vicini Trabucco<\/strong> al Governo Italiano, e che porter\u00e0 con onore il suo nome. Questo progetto non e definitivo. La nuova Ambasciata sar\u00e0 costruita sulla base delle tecnologie pi\u00f9 innovative in termini di energie rinnovabili e mitigazione dei rischi, promuovendo l&#8217;uso di materiali italiani e contando sulla collaborazione di universit\u00e0 italiane e dominicane per implementare nuove tecnologie di costruzione.<\/p>\n","protected":false},"excerpt":{"rendered":"Gli italiani in Repubblica Dominicana e gli amici dell&#8217;Italia sono invitati a partecipare all&#8217;Atto di Riconoscimento per S.E. Andrea Canepari, Ambasciatore della Repubblica Italiana presso il Governo della Repubblica Dominicana organizzato dalla Camera di Commercio Italo Dominicana e dalla comunit\u00e0 italiana in Repubblica Dominicana, il 10 agosto alle ore 10 attraverso il link: https:\/\/youtu. be\/myjUD5vmC1U [&hellip;]","protected":false},"author":1,"featured_media":0,"comment_status":"","ping_status":"","sticky":false,"template":"","format":"standard","meta":{"footnotes":""},"tags":[],"class_list":["post-1601","post","type-post","status-publish","format-standard","hentry"],"_links":{"self":[{"href":"https:\/\/ambsantodomingo.esteri.it\/it\/wp-json\/wp\/v2\/posts\/1601","targetHints":{"allow":["GET"]}}],"collection":[{"href":"https:\/\/ambsantodomingo.esteri.it\/it\/wp-json\/wp\/v2\/posts"}],"about":[{"href":"https:\/\/ambsantodomingo.esteri.it\/it\/wp-json\/wp\/v2\/types\/post"}],"author":[{"embeddable":true,"href":"https:\/\/ambsantodomingo.esteri.it\/it\/wp-json\/wp\/v2\/users\/1"}],"replies":[{"embeddable":true,"href":"https:\/\/ambsantodomingo.esteri.it\/it\/wp-json\/wp\/v2\/comments?post=1601"}],"version-history":[{"count":0,"href":"https:\/\/ambsantodomingo.esteri.it\/it\/wp-json\/wp\/v2\/posts\/1601\/revisions"}],"wp:attachment":[{"href":"https:\/\/ambsantodomingo.esteri.it\/it\/wp-json\/wp\/v2\/media?parent=1601"}],"wp:term":[{"taxonomy":"post_tag","embeddable":true,"href":"https:\/\/ambsantodomingo.esteri.it\/it\/wp-json\/wp\/v2\/tags?post=1601"}],"curies":[{"name":"wp","href":"https:\/\/api.w.org\/{rel}","templated":true}]}}