{"id":1607,"date":"2021-07-20T21:13:46","date_gmt":"2021-07-21T01:13:46","guid":{"rendered":"https:\/\/ambsantodomingo.esteri.it\/news\/dall_ambasciata\/2021\/07\/rassegna-stampa-maggio-luglio-2021\/"},"modified":"2021-07-20T21:13:46","modified_gmt":"2021-07-21T01:13:46","slug":"rassegna-stampa-maggio-luglio-2021","status":"publish","type":"post","link":"https:\/\/ambsantodomingo.esteri.it\/it\/news\/dall_ambasciata\/2021\/07\/rassegna-stampa-maggio-luglio-2021\/","title":{"rendered":"Rassegna Stampa Maggio-Agosto 2021"},"content":{"rendered":"<p>Alcuni articoli pubblicati nei quotidiani sulle varie iniziative culturali dell&#8217;Ambasciata d&#8217;Italia a Santo Domingo:<\/p>\n<p>1. \u201cLa Embajada italiana en RD te invita a que agendes estos eventos virtuales en el mes de junio\u201d List\u00edn Diario. Mayo 28, 2021. <a href=\"https:\/\/listindiario.com\/la-republica\/2021\/05\/28\/672475\/la-embajada-italiana-en-rd-te-invita-a-que-agendes-estos-eventos-virtuales-en-el-mes-de-junio\">https:\/\/listindiario.com\/la-republica\/2021\/05\/28\/672475\/la-embajada-italiana-en-rd-te-invita-a-que-agendes-estos-eventos-virtuales-en-el-mes-de-junio<\/a>\u00a0 Per tutto il mese di giugno l&#8217;Ambasciata d&#8217;Italia nella Repubblica Dominicana svolger\u00e0 una serie di attivit\u00e0 culturali in commemorazione del bicentenario della nascita di Juan Bautista Cambiaso, ideatore della prima flottiglia navale armata del Paese, e la celebrazione del mese d&#8217;Italia. L&#8217;articolo riporta l\u2019agenda del mese.<\/p>\n<p>2. \u201cLa Embajada de Italia regalara 30 cursos del idioma italiano\u201d Diario Libre Online, Mayo 30, 2021. <a href=\"https:\/\/www.diariolibre.com\/estilos\/sociales\/embajada-de-italia-regalara-30-cursos-del-idioma-italiano-IG26578707\">https:\/\/www.diariolibre.com\/estilos\/sociales\/embajada-de-italia-regalara-30-cursos-del-idioma-italiano-IG26578707<\/a>\u00a0 L&#8217;Ambasciata d&#8217;Italia a Santo Domingo continua a celebrare il bicentenario della nascita di Juan Bautista Cambiaso, eroe nazionale, fondatore della Marina Dominicana e Console d&#8217;Italia; e riconoscer\u00e0 con tre mesi gratuiti di corso di lingua italiana, trenta persone che hanno letto il libro \u201cEl legado italiano en Rep\u00fablica Dominicana: Historia, Arquitectura, Econom\u00eda y Sociedad\u201d, curato dall\u2019Ambasciatore Andrea Canepari, disponibile sul sito https:\/\/ciasantodomingo.com.<\/p>\n<p>3. \u201c A partir del 2 de junio un museo virtual exhibir\u00e1 los aportes de personajes italianos en RD\u201d Listin Diario, Mayo 30, 2021. <a href=\"https:\/\/listindiario.com\/la-republica\/2021\/05\/28\/672471\/a-partir-del-2-de-junio-un-museo-virtual-exhibira-los-aportes-de-personajes-italianos-en-rd\">https:\/\/listindiario.com\/la-republica\/2021\/05\/28\/672471\/a-partir-del-2-de-junio-un-museo-virtual-exhibira-los-aportes-de-personajes-italianos-en-rd<\/a>\u00a0 Il 2 giugno, una galleria che esporr\u00e0 i luoghi di origine dei personaggi &#8220;iconici&#8221; italiani della storia dominicana, aprir\u00e0 le sue porte al pubblico attraverso la virtualit\u00e0. La mostra si svolger\u00e0 in occasione della celebrazione del mese d&#8217;Italia e del bicentenario della nascita di Juan Bautista Cambiaso. Chi accede alla mostra attraverso il sito www.ciaosantodomingo.com e il canale YouTube Ciao Santo Domingo potr\u00e0 conoscere i luoghi di nascita e i contributi dell&#8217;Ammiraglio Cambiaso, Crist\u00f3bal Col\u00f3n, Padre Fantino Falco, Alejandro Geraldini, la famiglia Vicini, Amadeo Barletta. La galleria virtuale \u00e8 il prodotto di una collaborazione tra il fotografo italiano Andrea Vierucci e l&#8217;architetto italiano Andrea Crudeli.<\/p>\n<p>4. \u201cLa Republica Dominicana en la Bienal de Venecia\u201d, Listin Diario 30\/05\/2021 <a href=\"https:\/\/listindiario.com\/ventana\/2021\/05\/30\/672669\/la-republica-dominicana-en-bienal-de-venecia\">https:\/\/listindiario.com\/ventana\/2021\/05\/30\/672669\/la-republica-dominicana-en-bienal-de-venecia<\/a>\u00a0 Venerd\u00ec 21 maggio \u00e8 stato inaugurato il padiglione della Repubblica Dominicana alla 17\u00b0 Biennale Internazionale di Architettura di Venezia 2021 con il progetto CONEXI\u00d3N. L&#8217;evento si \u00e8 tenuto personalmente presso la Chiesa Anglicana di San Giorgio a Venezia, che ospita la mostra domenicana, e contemporaneamente presso la Biblioteca Nazionale Pedro Henr\u00edquez Ure\u00f1a a Santo Domingo. Tra maggio e novembre sar\u00e0 sviluppato un programma di attivit\u00e0 centrali a Venezia e collaterali nei centri culturali ed educativi, che sar\u00e0 pubblicato sulla pagina connection-rd.live .<\/p>\n<p>5. &#8220;Italia estrena plataforma digital para ofrecer al mundo su cine y cultura\u201d Diario Libre, 31.05.2021 <a href=\"https:\/\/www.diariolibre.com\/actualidad\/internacional\/italia-estrena-una-plataforma-digital-para-ofrecer-al-mundo-su-cine-y-cultura-HI26595893\">https:\/\/www.diariolibre.com\/actualidad\/internacional\/italia-estrena-una-plataforma-digital-para-ofrecer-al-mundo-su-cine-y-cultura-HI26595893<\/a>\u00a0 L&#8217;Italia ha lanciato oggi &#8216;Itsart&#8217;, una piattaforma digitale promossa dal Ministero della Cultura con la quale offrir\u00e0 al mondo opere di cinema, teatro, danza, musica e mostre, tra l&#8217;altro, con contenuti sia a pagamento che gratuito<\/p>\n<p>6. \u201cIl valore della libert\u00e0 e della democrazia\u201d Flaminia e Dintorni, 31\/05\/2021 <a href=\"https:\/\/www.flaminiaedintorni.it\/il-valore-della-liberta-e-della-democrazia\">https:\/\/www.flaminiaedintorni.it\/il-valore-della-liberta-e-della-democrazia<\/a>\u00a0 Viene riportato il testo e l&#8217;invito dell\u2019Ambasciatore Andrea Canepari\u201cIl valore della libert\u00e0 e della democrazia\u201d pubblicato su Diario Libre.<\/p>\n<p>7. \u201cCanciller realiza recorrido Centro de Convenciones y Cultura Dominicana UTESA\u201d ElSoldelasAmericas.Com, 6 de Julio 2021 <a href=\"https:\/\/elsoldelasamericas.com\/2021\/07\/06\/canciller-realiza-recorrido-centro-de-convenciones-y-cultura-dominicana-utesa\/\">https:\/\/elsoldelasamericas.com\/2021\/07\/06\/canciller-realiza-recorrido-centro-de-convenciones-y-cultura-dominicana-utesa\/<\/a>\u00a0<\/p>\n<p>8. \u201cEl Canciller Roberto \u00c1lvarez realiza un recorrido en el Centro de Convenciones y Cultura Dominicana-UTESA&#8221; El Universal Digital, 7 de Julio 2021 <a href=\"https:\/\/www.eluniversaldigital.net\/nacionales\/canciller-roberto-alvarez-realiza-recorrido-centro-de-convenciones-y-cultura-dominicana-utesa\">https:\/\/www.eluniversaldigital.net\/nacionales\/canciller-roberto-alvarez-realiza-recorrido-centro-de-convenciones-y-cultura-dominicana-utesa<\/a>\u00a0 ll Ministro degli Affari Esteri della Repubblica Dominicana, Roberto \u00c1lvarez, ha fatto un giro delle sale espositive e delle diverse aree del Centro Congressi e Cultura Dominicana UTESA, nella citt\u00e0 di Santiago. L&#8217;ingegnere Frank Rodr\u00edguez, presidente del sistema aziendale UTESA, lo ha accompagnato durante la visita, in un tour di tutte le strutture dell&#8217;edificio, tra cui la sala permanente della cultura dominicana, il progetto espositivo &#8220;Italia e Repubblica Dominicana: costruire ponti viventi tra storia e futuro&#8221;, che \u00e8 realizzato con l&#8217;Ambasciata d&#8217;Italia a Santo Domingo, il cinema contemporaneo e le sale eventi.<\/p>\n<p>9. Beiro, L. \u201cEl legado italiano en la Rep\u00fablica Dominicana\u201d Listin Diario, 11 de Julio 2021. <a href=\"https:\/\/listindiario.com\/ventana\/2021\/07\/11\/678868\/el-legado-italiano-en-la-republica-dominicana\">https:\/\/listindiario.com\/ventana\/2021\/07\/11\/678868\/el-legado-italiano-en-la-republica-dominicana<\/a>\u00a0 L&#8217;Ambasciatore della Repubblica Italiana nel Paese, Sua Eccellenza Andrea Canepari, onora Ventana. Ha inviato una copia del suo prezioso volume &#8220;L&#8217;eredit\u00e0 italiana nella Repubblica Dominicana: storia, architettura, economia e societ\u00e0&#8221;, insieme alle informazioni sul suo processo di realizzazione, sulle finalit\u00e0 che lo hanno motivato e sui contenuti del volume.<\/p>\n<p>10. I liguri di Santo Domingo- Intervista all&#8217;Ambasciatore Andrea Canepari <a href=\"https:\/\/youtu.be\/mzqVD9wg0jw\">https:\/\/youtu.be\/mzqVD9wg0jw<\/a>\u00a0<\/p>\n<p><strong>AGOSTO 2021\u00a0<\/strong><\/p>\n<p>\u00b7 C\u00e1mara de Comercio Dominico-Italiana reconoce al embajador Andrea Canepari, Diario Libre, 10 Agosto 2021 <a href=\"https:\/\/www.diariolibre.com\/estilos\/sociales\/camara-de-comercio-dominico-italiana-reconoce-al-embajador-andrea-canepari-GN28076473\">https:\/\/www.diariolibre.com\/estilos\/sociales\/camara-de-comercio-dominico-italiana-reconoce-al-embajador-andrea-canepari-GN28076473<\/a>\u00a0<\/p>\n<p>\u00b7 10 Agosto 2021 El Nacional, Camara de Comercio Dominico-Italiana reconoce al Embajador Andrea Canepari<\/p>\n<p>\u00b7 9 Agosto 2021. MIREX , Decorazione Ambasciatore <a href=\"it\/ambasciata\/news\/dall-ambasciata\/2021\/08\/decorazione-dell-ordine-al-merito.html\">https:\/\/ambsantodomingo.esteri.it\/ambasciata_santodomingo\/it\/ambasciata\/news\/dall-ambasciata\/2021\/08\/decorazione-dell-ordine-al-merito.html<\/a>\u00a0<\/p>\n<p>\u00b7 \u201cEmbajador Andrea Canepari recibe honores de la C\u00e1mara de Comercio Dom\u00ednico Italiana\u201d El Dinero Digital 10 Agosto 2021. <a href=\"https:\/\/eldinero.com.do\/169906\/embajador-andrea-canepari-recibe-honores-de-la-camara-de-comercio-dominico-italiana\/\">https:\/\/eldinero.com.do\/169906\/embajador-andrea-canepari-recibe-honores-de-la-camara-de-comercio-dominico-italiana\/<\/a>\u00a0\u00a0<\/p>\n<p>\u00b7 \u201cEmbajador Andrea Canepari recibe honores de la C\u00e1mara de Comercio Dom\u00ednico Italiana\u201d El Dia, 10 Agosto 2021. <a href=\"https:\/\/eldia.com.do\/embajador-andrea-canepari-recibe-honores-de-la-camara-de-comercio-dominico-italiana\/\">https:\/\/eldia.com.do\/embajador-andrea-canepari-recibe-honores-de-la-camara-de-comercio-dominico-italiana\/<\/a>\u00a0\u00a0<\/p>\n<p>\u00b7 \u201cC\u00c1MARA DE COMERCIO DOM\u00cdNICO ITALIANA RECONOCE EMBAJADOR ANDREA CANEPARI\u201d, Entorno Digital, 10 Agosto 2021. <a href=\"https:\/\/www.entornointeligente.com\/10\/08\/2021\/cmara-de-comercio-domnico-italiana-reconoce-embajador-andrea-canepari-2\/\">https:\/\/www.entornointeligente.com\/10\/08\/2021\/cmara-de-comercio-domnico-italiana-reconoce-embajador-andrea-canepari-2\/<\/a>\u00a0\u00a0<\/p>\n<p>\u00b7 \u201cDiputados reconocen al Embajador Italiano saliente por aportes a las Relaciones Bilaterales\u201d El nuevo diario, 10 Agosto 2021. <a href=\"https:\/\/elnuevodiario.com.do\/diputados-reconocen-al-embajador-italiano-saliente-por-aportes-a-relaciones-bilaterales\/\">https:\/\/elnuevodiario.com.do\/diputados-reconocen-al-embajador-italiano-saliente-por-aportes-a-relaciones-bilaterales\/<\/a>\u00a0<\/p>\n<p>\u00b7 \u201cDiputados del Grupo Parlamentario de Amistad Dominico-Italiano reconocen, en su despedida, al embajador Andrea Canepari\u201d N Digital,10 Agosto 2021. <a href=\"https:\/\/n.com.do\/2021\/08\/10\/diputados-del-grupo-parlamentario-de-amistad-dominico-italiano-reconocen-en-su-despedida-al-embajador-andrea-canepari\/\">https:\/\/n.com.do\/2021\/08\/10\/diputados-del-grupo-parlamentario-de-amistad-dominico-italiano-reconocen-en-su-despedida-al-embajador-andrea-canepari\/<\/a>\u00a0 \u00a0<\/p>\n<p>\u00b7 \u201cEmbajador Andrea Canepari recibe honores de la C\u00e1mara de Comercio Dom\u00ednico Italiana\u201d, Mas Informado, 10 Agosto 2021. <a href=\"https:\/\/masinformado.com\/embajador-andrea-canepari-recibe-honores-de-la-camara-de-comercio-dominico-italiana\/\">https:\/\/masinformado.com\/embajador-andrea-canepari-recibe-honores-de-la-camara-de-comercio-dominico-italiana\/<\/a>\u00a0<\/p>\n<p>\u00b7 Jose Rafael Lantigua \u201cL&#8217;Italia nell&#8217;etnia e nella storia dominicana\u201d Diario Libre 13 Agosto 2021 <a href=\"https:\/\/www.diariolibre.com\/opinion\/lecturas\/italia-en-la-etnia-y-la-historia-dominicana-PK28119475\">https:\/\/www.diariolibre.com\/opinion\/lecturas\/italia-en-la-etnia-y-la-historia-dominicana-PK28119475<\/a>\u00a0<\/p>\n<p>\u00b7 \u201cHomenaje a Andrea Canepari, Fue reconocido por la CCDI y amigos en RD\u201d Hoy, 13 Agosto 2021. <a href=\"https:\/\/hoy.com.do\/homenaje-a-andrea-canepari-fue-reconocido-por-la-ccdi-y-amigos-en-rd-despedida\/\">https:\/\/hoy.com.do\/homenaje-a-andrea-canepari-fue-reconocido-por-la-ccdi-y-amigos-en-rd-despedida\/<\/a>\u00a0<\/p>\n<p>\u00b7 Jose Rafael Sosa, \u201cCr\u00f3nica de Autores: La legado italiano\u201dAcento Digital. <a href=\"https:\/\/acento.com.do\/cultura\/cronica-de-autores-la-legado-italiano-8973845.html\">https:\/\/acento.com.do\/cultura\/cronica-de-autores-la-legado-italiano-8973845.html<\/a>\u00a0<\/p>\n<p>\u00b7 Embajador Andrea Canepari recibe honores de la C\u00e1mara de Comercio Dom\u00ednico Italiana, Roberto Cavada.com, 10 Agosto 2021.<a href=\"https:\/\/robertocavada.com\/sociales\/2021\/08\/10\/embajador-andrea-canepari-recibe-honores-de-la-camara-de-comercio-dominico-italiana\/\">https:\/\/robertocavada.com\/sociales\/2021\/08\/10\/embajador-andrea-canepari-recibe-honores-de-la-camara-de-comercio-dominico-italiana\/<\/a>\u00a0 \u00a0 \u00a0 \u00a0<\/p>\n<p>\u00b7 Embajador Andrea Canepari recibe honores de la C\u00e1mara de Comercio Dom\u00ednico Italiana, Listin Diario, 10 Agosto 2021. <a href=\"https:\/\/listindiario.com\/figureo?gallery=683718\">https:\/\/listindiario.com\/figureo?gallery=683718<\/a>\u00a0\u00a0<\/p>\n<p>\u00b7 Jose Rafael Sosa, \u201cLibros y Lectura: El legado italiano \u201dEl Nacional,12 Agosto 2021. <a href=\"https:\/\/elnacional.com.do\/libros-y-lecturas-el-legado-italiano\/\">https:\/\/elnacional.com.do\/libros-y-lecturas-el-legado-italiano\/<\/a>\u00a0<\/p>\n","protected":false},"excerpt":{"rendered":"Alcuni articoli pubblicati nei quotidiani sulle varie iniziative culturali dell&#8217;Ambasciata d&#8217;Italia a Santo Domingo: 1. \u201cLa Embajada italiana en RD te invita a que agendes estos eventos virtuales en el mes de junio\u201d List\u00edn Diario. Mayo 28, 2021. https:\/\/listindiario.com\/la-republica\/2021\/05\/28\/672475\/la-embajada-italiana-en-rd-te-invita-a-que-agendes-estos-eventos-virtuales-en-el-mes-de-junio\u00a0 Per tutto il mese di giugno l&#8217;Ambasciata d&#8217;Italia nella Repubblica Dominicana svolger\u00e0 una serie di attivit\u00e0 [&hellip;]","protected":false},"author":1,"featured_media":0,"comment_status":"","ping_status":"","sticky":false,"template":"","format":"standard","meta":{"footnotes":""},"tags":[],"class_list":["post-1607","post","type-post","status-publish","format-standard","hentry"],"_links":{"self":[{"href":"https:\/\/ambsantodomingo.esteri.it\/it\/wp-json\/wp\/v2\/posts\/1607","targetHints":{"allow":["GET"]}}],"collection":[{"href":"https:\/\/ambsantodomingo.esteri.it\/it\/wp-json\/wp\/v2\/posts"}],"about":[{"href":"https:\/\/ambsantodomingo.esteri.it\/it\/wp-json\/wp\/v2\/types\/post"}],"author":[{"embeddable":true,"href":"https:\/\/ambsantodomingo.esteri.it\/it\/wp-json\/wp\/v2\/users\/1"}],"replies":[{"embeddable":true,"href":"https:\/\/ambsantodomingo.esteri.it\/it\/wp-json\/wp\/v2\/comments?post=1607"}],"version-history":[{"count":0,"href":"https:\/\/ambsantodomingo.esteri.it\/it\/wp-json\/wp\/v2\/posts\/1607\/revisions"}],"wp:attachment":[{"href":"https:\/\/ambsantodomingo.esteri.it\/it\/wp-json\/wp\/v2\/media?parent=1607"}],"wp:term":[{"taxonomy":"post_tag","embeddable":true,"href":"https:\/\/ambsantodomingo.esteri.it\/it\/wp-json\/wp\/v2\/tags?post=1607"}],"curies":[{"name":"wp","href":"https:\/\/api.w.org\/{rel}","templated":true}]}}