{"id":1639,"date":"2021-06-03T23:42:34","date_gmt":"2021-06-04T03:42:34","guid":{"rendered":"https:\/\/ambsantodomingo.esteri.it\/news\/dall_ambasciata\/2021\/06\/conferenza-zoom-i-rapporti-tra\/"},"modified":"2021-06-03T23:42:34","modified_gmt":"2021-06-04T03:42:34","slug":"conferenza-zoom-i-rapporti-tra","status":"publish","type":"post","link":"https:\/\/ambsantodomingo.esteri.it\/it\/news\/dall_ambasciata\/2021\/06\/conferenza-zoom-i-rapporti-tra\/","title":{"rendered":"Conferenza Zoom \u201cI rapporti tra Italia e Santo Domingo\u201d \u2013 Accademia Ligure di Scienze e Lettere"},"content":{"rendered":"<p>Venerd\u00ec 4 giugno, in occasione della presentazione del volume &#8220;L&#8217;Eredit\u00e0 culturale italiano nella Repubblica Dominicana, Storia, Architettura, Economia e Societ\u00e0&#8221; a cura dell\u2019Ambasciatore d\u2019Italia Andrea Canepari, L&#8217;Accademia Ligure di Scienze e Lettere in collaborazione con l&#8217;Ambasciata d&#8217;Italia a Santo Domingo e l&#8217;Ambasciata della Repubblica Dominicana in Italia dedica un incontro di studio sui rapporti tra l&#8217;Italia e Santo Domingo con la partecipazione delle Autorit\u00e0 sotto indicate.<\/p>\n<p>Segnaliamo in particolare l&#8217;importanza della partecipazione del presidente della Regione Liguria, Dr. Giovanni Toti, del sindaco di Genova Dr. Marco Bucci e del presidente della Camera di Commercio di Genova Dr. Luigi Attanasio. Si tratta di importanti personalit\u00e0 istituzionali, politiche ed economiche che dimostrano l&#8217;interesse della Regione Liguria e della citt\u00e0 di Genova ad approfondire e rilanciare i rapporti con la Repubblica Dominicana. Secondo l&#8217;Ambasciatore d&#8217;Italia presso la Repubblica Dominicana Andrea Canepari, si tratta di un&#8217;occasione importante da cogliere per far conoscere le potenzialit\u00e0 di una collaborazione tra Italia, Genova e Liguria, regione da cui provengono molti italo dominicani, tra cui le famiglie dei Cambiaso, Vicini e Pellerano.<\/p>\n<p>Dall&#8217;Italia:<\/p>\n<p>&#8211; il Presidente della Regione Liguria, Dott. Giovanni Toti<\/p>\n<p>&#8211; il Sindaco della citt\u00e0 di Genova, Dott. Marco Bucci<\/p>\n<p>&#8211; il Presidente della Camera di Commercio di Genova, Sig. Luigi Attanasio<\/p>\n<p>&#8211; il Direttore del Museo del Mare &#8220;Galata&#8221; di Genova, Sig. Pierangelo Campodonico<\/p>\n<p>&#8211; il Presidente del Centro Internazionale di Studi sull&#8217;Emigrazione Italiana, Prof. Ing. Fabio Capocaccia<\/p>\n<p>&#8211; il Presidente dell&#8217;Accademia Ligure di Scienze e Letterature, Prof. Vincenzo Lorenzelli<\/p>\n<p>&#8211; il Preside della Facolt\u00e0 di Lettere, Prof. Massimo Bacigalupo<\/p>\n<p>&#8211; accademica e professoressa Gabriella Airaldi<\/p>\n<p>&#8211; la Segreteria della Facolt\u00e0 di Lettere, prof.ssa Maria Stella Rollandi<\/p>\n<p>&#8211; il Segretario Generale, Prof. Mario Pestarino<\/p>\n<p>Dalla Repubblica Dominicana:<\/p>\n<p>&#8211; il Presidente della Corte Costituzionale della Repubblica Dominicana, On. Milton Ray Guevara &#8211;<\/p>\n<p>&#8211; il Ministro dell&#8217;Industria, del Commercio e delle Micro, Piccole e Medie Imprese, On. V\u00edctor Bison\u00f3 Haza<\/p>\n<p>&#8211; il Presidente della Camera di Commercio Italiana Dominicana &#8211; CCDI, Sig. Celso Marranzini<\/p>\n<p>&#8211; il Membro Ordinario dell&#8217;Accademia di Storia Dominicana, Coordinatore del Dottorato in Storia dei Caraibi e Consigliere del Centro di Studi Caraibici della Pontificia Universidad Madre y Maestra, Dott.ssa Mu-Kien Adriana Sang Ben<\/p>\n<p>Partecipano inoltre:<\/p>\n<p>&#8211; L&#8217;Ambasciatore d&#8217;Italia a Santo Domingo, S.E. Andrea Canepari<\/p>\n<p>&#8211; L&#8217;Ambasciatore della Repubblica Dominicana in Italia, S.E. Tony Raful<\/p>\n<p>Questo evento \u00e8 il primo di tanti che verranno coordinati durante il mese di giugno per presentare il libro e parlare dei rapporti tra i due Paesi.<\/p>\n<p>Tutti possono partecipare tramite il link Zoom: <a href=\"https:\/\/us02web.zoom.us\/j\/84409245538\">https:\/\/us02web.zoom.us\/j\/84409245538<\/a> &#8211; ID riunione: 844 0924 5538, e poi guardare la trasmissione sul canale YouTube Ciao Santo Domingo, dell\u2019Ambasciata d\u2019Italia in Rep. Dominicana.<\/p>\n","protected":false},"excerpt":{"rendered":"Venerd\u00ec 4 giugno, in occasione della presentazione del volume &#8220;L&#8217;Eredit\u00e0 culturale italiano nella Repubblica Dominicana, Storia, Architettura, Economia e Societ\u00e0&#8221; a cura dell\u2019Ambasciatore d\u2019Italia Andrea Canepari, L&#8217;Accademia Ligure di Scienze e Lettere in collaborazione con l&#8217;Ambasciata d&#8217;Italia a Santo Domingo e l&#8217;Ambasciata della Repubblica Dominicana in Italia dedica un incontro di studio sui rapporti tra [&hellip;]","protected":false},"author":1,"featured_media":0,"comment_status":"","ping_status":"","sticky":false,"template":"","format":"standard","meta":{"footnotes":""},"tags":[],"class_list":["post-1639","post","type-post","status-publish","format-standard","hentry"],"_links":{"self":[{"href":"https:\/\/ambsantodomingo.esteri.it\/it\/wp-json\/wp\/v2\/posts\/1639","targetHints":{"allow":["GET"]}}],"collection":[{"href":"https:\/\/ambsantodomingo.esteri.it\/it\/wp-json\/wp\/v2\/posts"}],"about":[{"href":"https:\/\/ambsantodomingo.esteri.it\/it\/wp-json\/wp\/v2\/types\/post"}],"author":[{"embeddable":true,"href":"https:\/\/ambsantodomingo.esteri.it\/it\/wp-json\/wp\/v2\/users\/1"}],"replies":[{"embeddable":true,"href":"https:\/\/ambsantodomingo.esteri.it\/it\/wp-json\/wp\/v2\/comments?post=1639"}],"version-history":[{"count":0,"href":"https:\/\/ambsantodomingo.esteri.it\/it\/wp-json\/wp\/v2\/posts\/1639\/revisions"}],"wp:attachment":[{"href":"https:\/\/ambsantodomingo.esteri.it\/it\/wp-json\/wp\/v2\/media?parent=1639"}],"wp:term":[{"taxonomy":"post_tag","embeddable":true,"href":"https:\/\/ambsantodomingo.esteri.it\/it\/wp-json\/wp\/v2\/tags?post=1639"}],"curies":[{"name":"wp","href":"https:\/\/api.w.org\/{rel}","templated":true}]}}