{"id":1674,"date":"2021-05-25T21:37:02","date_gmt":"2021-05-26T01:37:02","guid":{"rendered":"https:\/\/ambsantodomingo.esteri.it\/news\/dall_ambasciata\/2021\/05\/festa-della-repubblica-e-tour-virtuale\/"},"modified":"2021-05-25T21:37:02","modified_gmt":"2021-05-26T01:37:02","slug":"festa-della-repubblica-e-tour-virtuale","status":"publish","type":"post","link":"https:\/\/ambsantodomingo.esteri.it\/it\/news\/dall_ambasciata\/2021\/05\/festa-della-repubblica-e-tour-virtuale\/","title":{"rendered":"Festa della Repubblica e tour virtuale della mostra fotografica che dimostra i legami che uniscono l&#8217;Italia e la Repubblica Dominicana"},"content":{"rendered":"<p style=\"text-align: justify;\">\u00a0Il 2 giugno, Festa della Repubblica Italiana, l&#8217;Ambasciatore d&#8217;Italia, Andrea Canepari e la Ministra della Cultura Carmen Heredia, mostreranno, attraverso il canale YouTube CiaoSantoDomingo e il sito web <a href=\"http:\/\/www.ciaosantodomingo.com\">www.ciaosantodomingo.com<\/a>, la Mostra fotografica virtuale delle immagini pi\u00f9 suggestive del libro &#8220;L&#8217;Eredit\u00e0 italiana nella Repubblica Dominicana. Storia, Architettura, Economia e Societ\u00e0.&#8221;<\/p>\n<p style=\"text-align: justify;\">Con interventi di alte personalit\u00e0 della Repubblica Dominicana, come l&#8217;Eccellentissima Vicepresidente Raquel Pe\u00f1a, l&#8217;Onorevole Presidente Magistrato della Corte Costituzionale Milton Ray Guevara, l&#8217;Onorevole Ministro degli Affari Esteri, Roberto Alvarez, l&#8217;Onorevole Ministro dell&#8217;Industria, Commercio e Micro, Piccola e Media Impresa, Ito Bison\u00f3, e l&#8217;Onorevole Ministro della Difesa Tenente Generale Carlos Luciano D\u00edaz Morfa.<\/p>\n<p style=\"text-align: justify;\">Riconoscere gli stretti legami che esistono tra l&#8217;Italia e la Repubblica Dominicana, cos\u00ec come l&#8217;influenza della colonia italiana nello sviluppo del Paese fin dalla Conquista, \u00e8 stata una delle opere che l&#8217;Ambasciatore Andrea Canepari si \u00e8 sforzato di plasmare, il quale, nel suo desiderio di mostrare questa storia di amicizia, e lasciarla raccolta per le generazioni attuali e future affinch\u00e9 la consultino, ha messo a disposizione del pubblico il sito www.ciaosantodomingo.com dove si raccolgono importanti contenuti storici e culturali che rafforzano i legami tra i due Paesi.<\/p>\n<p style=\"text-align: justify;\">La mostra fotografica \u00e8 un&#8217;ulteriore dimostrazione dei legami vivi che esistono tra i due Paesi. &#8220;\u00c8 una rivelazione dell&#8217;eredit\u00e0 italiana nella Repubblica Dominicana. Un volume importante che raccoglie le gesta eroiche di numerosi cittadini italiani che, insieme ai loro amici dominicani, nel corso dei secoli, hanno apportato importanti contributi alla Repubblica Dominicana&#8221;, afferma Andrea Vierucci.<\/p>\n<p style=\"text-align: justify;\">Contemporaneamente, nel mese di giugno, l&#8217;Ambasciata ha elaborato un calendario di eventi che cercano di rafforzare ulteriormente i legami:<\/p>\n<ul style=\"text-align: justify;\">\n<li><strong>Marted\u00ec 1\u00b0 giugno, ore 18 (mezzanotte ora italiana):<\/strong> Webinar: &#8220;Il Neoclassico e Guido attraverso il Palazzo Nazionale&#8221; dato dall&#8217;architetto Jes\u00fas D&#8217;Alessandro via il canale YouTube Unibeenlinea<\/li>\n<li><strong>Mercoled\u00ec 2 giugno:<\/strong> Festa della Repubblica e lancio della mostra virtuale delle foto tratte dal libro presentata dall&#8217;Ambasciatore Andrea Canepari e dalla ministra della cultura Carmen Heredia. Mostra fotografica a cura di Andrea Vierucci e Andrea Crudeli. Via la pagina web www.ciaosantodomingo.com e il canale YouTube CiaoSantoDomingo.<\/li>\n<li><strong>Gioved\u00ec 3 giugno, ore 19 (1 ora italiana):<\/strong> Conversazione virtuale &#8220;Esperienze dominicane alla Biennale di Venezia. Presentato da Sua Eccellenza Andrea Canepari (Ambasciatore d&#8217;Italia a Santo Domingo) Marianne de Tolentino (curatrice e critica d&#8217;arte) Raquel Paiewonsky (Artista visivo e insegnante) Lidia Le\u00f3n Cabral (architetto e artista visivo) Rub\u00e9n Hern\u00e1ndez Fontana (architetto e insegnante) e Andreas De Camps German (architetto e interior designer). Moderato da Alex Mart\u00ednez Su\u00e1rez (architetto, insegnante, direttore di Archipi\u00e9lago e direttore del Museo Fernando Pe\u00f1a Defill\u00f3). Via il canale YouTube di Ciao Santo Domingo.<\/li>\n<li><strong>Venerd\u00ec 4 giugno, ore 11 (17 ora italiana):<\/strong> Incontro virtuale con l&#8217;Accademia Ligure di Scienze e Lettere, con la presenza di Marco Bucci, Sindaco di Genova, Milton Ray Guevara, Presidente della Corte Costituzionale, Tony Raful Tejada, Ambasciatore della Repubblica Dominicana in Italia e Andrea Canepari, Ambasciatore d&#8217;Italia nella Repubblica Dominicana.<\/li>\n<li><strong>Domenica 6 giugno:<\/strong> Conferenza virtuale &#8220;Presenza italiana nel Cibao&#8221; nel canale del Centro Dominicano di Cultura e Convegni UTESA<\/li>\n<li><strong>Gioved\u00ec 10 giugno, ore 18 (mezzanotte ora italiana):<\/strong> Lancio del libro &#8220;L&#8217;Eredit\u00e0 italiana nella Repubblica Dominicana. Storia, Architettura, Economia e Societ\u00e0.\u201d nella biblioteca digitale dell&#8217;Archivio Generale della Nazione, presentato dal direttore Roberto Cassa e dal consulente dell&#8217;AGN, Raymundo Gonzalez.<\/li>\n<li><strong>Venerd\u00ec 11 Giugno:<\/strong> Presentazione virtuale del Libro e della Mostra dedicate a &#8220;L&#8217;Eredit\u00e0 italiana nella Repubblica Dominicana. Storia, Architettura, Economia e Societ\u00e0&#8221; Universit\u00e0 di Pavia, valorizzando il Prof. Raffaele Ciferri. Con interventi del Presidente dell\u2019Universit\u00e0 di Pavia Sistema Museale di Ateneo, il Prof. Paolo Mazzarello, dell\u2019Ambasciatore d\u2019 Italia a Santo Domingo, Andrea Canepari, del fotografo Andrea Vierucci, dell\u2019Orto Botanico di Pavia con il Prof. Francesco Bracco, la micologa Prof.ssa Aurora Montemartini Corte e del geobotanico, Prof. Augusto Pirola.<\/li>\n<li><strong>Luned\u00ec 21 giugno, ore 11 (17 ora italiana):<\/strong> Presentazione virtuale, simultaneamente a Roma e Santo Domingo del libro &#8220;L&#8217;Eredit\u00e0 italiana nella Repubblica Dominicana. Storia, Architettura, Economia e Societ\u00e0.\u201d all\u2019Organizzazione Italo-Latino Americana (IILA), con gli interventi di Antonella Cavallari Segretario Generale dell&#8217;IILA, Milton Ray Guevara, Presidente della Corte Costituzionale, Tony Raful Tejada, Ambasciatore della Repubblica Dominicana in Italia e Andrea Canepari, Ambasciatore d&#8217;Italia nella Repubblica Dominicana, in contemporanea, l&#8217;inaugurazione della mostra del libro &#8220;L&#8217;Eredit\u00e0 italiana nella Repubblica Dominicana. Storia, Architettura, Economia e Societ\u00e0\u201d\u00a0 al Museo de las Casas Reales<\/li>\n<li><strong>Marted\u00ec 22 giugno, ore 10 (16 ora italiana):<\/strong> lancio virtuale della mostra &#8221; GUELFI E GHIBELLINI FUGGITIVI: DANTE E OPICINO, VIAGGIATORI DEL FANTASTICO&#8221; Museo de las Casas Reales, alla presenza della direttrice del Museo, dott.ssa Elizabeth Hazim.<\/li>\n<li><strong>Mercoled\u00ec 30 giugno, ore 10 (16 ora italiana): l<\/strong>Presentazione del libro alla Camera dei Deputati della Repubblica Dominicana, con il Gruppo di amicizia parlamentaria Repubblica Dominicana-Italia<\/li>\n<\/ul>\n<p style=\"text-align: justify;\">Date da confermare:<\/p>\n<ul style=\"list-style-type: square;\">\n<li style=\"text-align: justify;\">Presentazione del Francobollo commemorativo per i 120 anni delle relazioni diplomatiche tra l\u2019Italia e la Repubblica Dominicana, alla presenza dell\u2019Ingegnere Adan Peguero, Direttore Generale dell\u2019Istituto Postale Dominicano (INPOSDOM) e dell\u2019Ambasciatore Andrea Canepari.<\/li>\n<\/ul>\n<p>\u00a0<\/p>\n<p><img loading=\"lazy\" decoding=\"async\" src=\"\/ambasciata_santodomingo\/resource\/img\/2021\/05\/calendario_eventi_giugno_2021.jpg\" alt=\"\" width=\"760\" height=\"570\" \/><\/p>\n<p><img loading=\"lazy\" decoding=\"async\" src=\"resource\/img\/2021\/05\/museopenadefillo_page-0001.jpg\" alt=\"museopenadefillo page 0001\" width=\"305\" height=\"305\" \/>\u00a0 \u00a0 \u00a0 \u00a0 \u00a0 \u00a0 \u00a0 \u00a0 \u00a0 \u00a0 \u00a0 \u00a0<img loading=\"lazy\" decoding=\"async\" src=\"resource\/img\/2021\/05\/whatsapp_image_2021-05-07_at_3.07.44_pm_1_1.jpeg\" alt=\"whatsapp image 2021 05 07 at 3.07.44 pm 1 1\" width=\"289\" height=\"289\" \/><\/p>\n","protected":false},"excerpt":{"rendered":"\u00a0Il 2 giugno, Festa della Repubblica Italiana, l&#8217;Ambasciatore d&#8217;Italia, Andrea Canepari e la Ministra della Cultura Carmen Heredia, mostreranno, attraverso il canale YouTube CiaoSantoDomingo e il sito web www.ciaosantodomingo.com, la Mostra fotografica virtuale delle immagini pi\u00f9 suggestive del libro &#8220;L&#8217;Eredit\u00e0 italiana nella Repubblica Dominicana. Storia, Architettura, Economia e Societ\u00e0.&#8221; Con interventi di alte personalit\u00e0 della [&hellip;]","protected":false},"author":1,"featured_media":0,"comment_status":"","ping_status":"","sticky":false,"template":"","format":"standard","meta":{"footnotes":""},"tags":[],"class_list":["post-1674","post","type-post","status-publish","format-standard","hentry"],"_links":{"self":[{"href":"https:\/\/ambsantodomingo.esteri.it\/it\/wp-json\/wp\/v2\/posts\/1674","targetHints":{"allow":["GET"]}}],"collection":[{"href":"https:\/\/ambsantodomingo.esteri.it\/it\/wp-json\/wp\/v2\/posts"}],"about":[{"href":"https:\/\/ambsantodomingo.esteri.it\/it\/wp-json\/wp\/v2\/types\/post"}],"author":[{"embeddable":true,"href":"https:\/\/ambsantodomingo.esteri.it\/it\/wp-json\/wp\/v2\/users\/1"}],"replies":[{"embeddable":true,"href":"https:\/\/ambsantodomingo.esteri.it\/it\/wp-json\/wp\/v2\/comments?post=1674"}],"version-history":[{"count":0,"href":"https:\/\/ambsantodomingo.esteri.it\/it\/wp-json\/wp\/v2\/posts\/1674\/revisions"}],"wp:attachment":[{"href":"https:\/\/ambsantodomingo.esteri.it\/it\/wp-json\/wp\/v2\/media?parent=1674"}],"wp:term":[{"taxonomy":"post_tag","embeddable":true,"href":"https:\/\/ambsantodomingo.esteri.it\/it\/wp-json\/wp\/v2\/tags?post=1674"}],"curies":[{"name":"wp","href":"https:\/\/api.w.org\/{rel}","templated":true}]}}