{"id":2304,"date":"2017-09-18T22:07:26","date_gmt":"2017-09-19T02:07:26","guid":{"rendered":"https:\/\/ambsantodomingo.esteri.it\/news\/dall_ambasciata\/2017\/09\/avvicinamento-dell-uragano-maria\/"},"modified":"2017-09-18T22:07:26","modified_gmt":"2017-09-19T02:07:26","slug":"avvicinamento-dell-uragano-maria","status":"publish","type":"post","link":"https:\/\/ambsantodomingo.esteri.it\/it\/news\/dall_ambasciata\/2017\/09\/avvicinamento-dell-uragano-maria\/","title":{"rendered":"Uragano Maria &#8211; aggiornamento"},"content":{"rendered":"<p>Le autorit\u00e0 locali prevedono che, salvo cambi di traiettoria nelle prossime ore, il centro dell\u2019uragano Maria passer\u00e0 a circa 100 km. ad est di Saman\u00e0 e non dovrebbe colpire direttamente la Repubblica Dominicana, che comunque sar\u00e0 interessata da piogge e venti forti a partire dalle ore serali di mercoled\u00ec 20 settembre.<br \/>Un livello di allerta massima (rossa) \u00e8 stato emesso per la zona da La Romana e tutta la costa est-nord da Punta Cana fino a Saman\u00e0 e Puerto Plata, in attesa di conoscere l\u2019effettiva traiettoria dell&#8217;uragano, quando sar\u00e0 pi\u00f9 vicino al territorio nazionale.<br \/>Ai cittadini italiani che siano in viaggio o risiedano nella Repubblica Dominicana si raccomanda di attenersi scrupolosamente alle indicazioni ed alle decisioni che saranno adottate dalle Autorit\u00e0 locali, inclusi eventuali ordini di abbandonare obbligatoriamente aree specifiche per motivi di sicurezza.<br \/>Aggiornamenti su:<\/p>\n<p><a href=\"http:\/\/www.viaggiaresicuri.it\/home.html\">http:\/\/www.viaggiaresicuri.it\/home.html<\/a><br \/><a href=\"http:\/\/www.coe.gob.do\/index.php\">http:\/\/www.coe.gob.do\/index.php<\/a><br \/><a href=\"http:\/\/www.noaa.gov\">http:\/\/www.noaa.gov<\/a><\/p>\n<p>Cellulare dell\u2019Ambasciata d\u2019Italia a Santo Domingo per la gestione di emergenze connesse all\u2019uragano: +1.8492430150.<\/p>\n","protected":false},"excerpt":{"rendered":"Le autorit\u00e0 locali prevedono che, salvo cambi di traiettoria nelle prossime ore, il centro dell\u2019uragano Maria passer\u00e0 a circa 100 km. ad est di Saman\u00e0 e non dovrebbe colpire direttamente la Repubblica Dominicana, che comunque sar\u00e0 interessata da piogge e venti forti a partire dalle ore serali di mercoled\u00ec 20 settembre.Un livello di allerta massima [&hellip;]","protected":false},"author":1,"featured_media":0,"comment_status":"","ping_status":"","sticky":false,"template":"","format":"standard","meta":{"footnotes":""},"tags":[],"class_list":["post-2304","post","type-post","status-publish","format-standard","hentry"],"_links":{"self":[{"href":"https:\/\/ambsantodomingo.esteri.it\/it\/wp-json\/wp\/v2\/posts\/2304","targetHints":{"allow":["GET"]}}],"collection":[{"href":"https:\/\/ambsantodomingo.esteri.it\/it\/wp-json\/wp\/v2\/posts"}],"about":[{"href":"https:\/\/ambsantodomingo.esteri.it\/it\/wp-json\/wp\/v2\/types\/post"}],"author":[{"embeddable":true,"href":"https:\/\/ambsantodomingo.esteri.it\/it\/wp-json\/wp\/v2\/users\/1"}],"replies":[{"embeddable":true,"href":"https:\/\/ambsantodomingo.esteri.it\/it\/wp-json\/wp\/v2\/comments?post=2304"}],"version-history":[{"count":0,"href":"https:\/\/ambsantodomingo.esteri.it\/it\/wp-json\/wp\/v2\/posts\/2304\/revisions"}],"wp:attachment":[{"href":"https:\/\/ambsantodomingo.esteri.it\/it\/wp-json\/wp\/v2\/media?parent=2304"}],"wp:term":[{"taxonomy":"post_tag","embeddable":true,"href":"https:\/\/ambsantodomingo.esteri.it\/it\/wp-json\/wp\/v2\/tags?post=2304"}],"curies":[{"name":"wp","href":"https:\/\/api.w.org\/{rel}","templated":true}]}}