{"id":2309,"date":"2017-09-01T20:16:05","date_gmt":"2017-09-02T00:16:05","guid":{"rendered":"https:\/\/ambsantodomingo.esteri.it\/news\/dall_ambasciata\/2017\/09\/avviso-avvicinamento-verso-i-caraibi\/"},"modified":"2017-09-01T20:16:05","modified_gmt":"2017-09-02T00:16:05","slug":"avviso-avvicinamento-verso-i-caraibi","status":"publish","type":"post","link":"https:\/\/ambsantodomingo.esteri.it\/it\/news\/dall_ambasciata\/2017\/09\/avviso-avvicinamento-verso-i-caraibi\/","title":{"rendered":"Avviso avvicinamento verso i Caraibi dell\u2019uragano IRMA"},"content":{"rendered":"<p>Continua a potenziarsi l&#8217;uragano Irma, gi\u00e0 rientrato nella categoria degli uragani maggiori, oggi la terza, ma destinato ad intensificarsi ulteriormente nei prossimi giorni, tanto che da marted\u00ec 5 settembre raggiunger\u00e0 la categoria 4 e forse la 5.<br \/>Per il momento non \u00e8 certo che lungo la sua traiettoria incontrer\u00e0 la Repubblica Dominicana ma secondo alcune proiezioni a lungo termine potrebbe comunque sfiorare il comparto settentrionale del Mare dei Caraibi.<br \/>Qualora la situazione dovesse aggravarsi si invitano i connazionali a prestare particolare attenzione agli eventuali comunicati di allarme che dovessero venire emanati anche dalle Autorit\u00e0 dominicane.<\/p>\n","protected":false},"excerpt":{"rendered":"Continua a potenziarsi l&#8217;uragano Irma, gi\u00e0 rientrato nella categoria degli uragani maggiori, oggi la terza, ma destinato ad intensificarsi ulteriormente nei prossimi giorni, tanto che da marted\u00ec 5 settembre raggiunger\u00e0 la categoria 4 e forse la 5.Per il momento non \u00e8 certo che lungo la sua traiettoria incontrer\u00e0 la Repubblica Dominicana ma secondo alcune proiezioni [&hellip;]","protected":false},"author":1,"featured_media":0,"comment_status":"","ping_status":"","sticky":false,"template":"","format":"standard","meta":{"footnotes":""},"tags":[],"class_list":["post-2309","post","type-post","status-publish","format-standard","hentry"],"_links":{"self":[{"href":"https:\/\/ambsantodomingo.esteri.it\/it\/wp-json\/wp\/v2\/posts\/2309","targetHints":{"allow":["GET"]}}],"collection":[{"href":"https:\/\/ambsantodomingo.esteri.it\/it\/wp-json\/wp\/v2\/posts"}],"about":[{"href":"https:\/\/ambsantodomingo.esteri.it\/it\/wp-json\/wp\/v2\/types\/post"}],"author":[{"embeddable":true,"href":"https:\/\/ambsantodomingo.esteri.it\/it\/wp-json\/wp\/v2\/users\/1"}],"replies":[{"embeddable":true,"href":"https:\/\/ambsantodomingo.esteri.it\/it\/wp-json\/wp\/v2\/comments?post=2309"}],"version-history":[{"count":0,"href":"https:\/\/ambsantodomingo.esteri.it\/it\/wp-json\/wp\/v2\/posts\/2309\/revisions"}],"wp:attachment":[{"href":"https:\/\/ambsantodomingo.esteri.it\/it\/wp-json\/wp\/v2\/media?parent=2309"}],"wp:term":[{"taxonomy":"post_tag","embeddable":true,"href":"https:\/\/ambsantodomingo.esteri.it\/it\/wp-json\/wp\/v2\/tags?post=2309"}],"curies":[{"name":"wp","href":"https:\/\/api.w.org\/{rel}","templated":true}]}}