{"id":2605,"date":"2024-01-10T10:14:33","date_gmt":"2024-01-10T14:14:33","guid":{"rendered":"https:\/\/ambsantodomingo.esteri.it\/?p=2605"},"modified":"2024-01-10T10:14:33","modified_gmt":"2024-01-10T14:14:33","slug":"a-santo-domingo-presentata-la-cucina-italiana-candidata-a-unesco","status":"publish","type":"post","link":"https:\/\/ambsantodomingo.esteri.it\/it\/news\/dall_ambasciata\/2024\/01\/a-santo-domingo-presentata-la-cucina-italiana-candidata-a-unesco\/","title":{"rendered":"A SANTO DOMINGO PRESENTATA LA CUCINA ITALIANA CANDIDATA A UNESCO"},"content":{"rendered":"<p>La nave da crociera &#8220;Costa Pacifica&#8221; \u00e8 stato lo scenario per la presentazione a Santo Domingo della candidatura ufficiale della Cucina Italiana come Patrimonio immateriale dell&#8217;Unesco, in un evento in cui l&#8217;Ambasciatore d&#8217;Italia in Repubblica Dominicana, Stefano Queirolo Palmas, ha evidenziato l&#8217;importanza, la diffusione e la bont\u00e0 dei prodotti e della cucina italiana, uno dei simboli del Made in Italy.<\/p>\n<p>A bordo della nave, riferisce un comunicato, erano presenti il 29 dicembre scorso i rappresentanti del corpo diplomatico, del Ministero degli Esteri e del governo dominicano, nonch\u00e9 rappresentanti delle autorit\u00e0 militari. La cornice dell&#8217;evento ha avuto luogo all&#8217;interno del porto di San Souc\u00ed, nella baia di Santo Domingo, la quale ha ricevuto la Costa Pacifica per la seconda volta nell&#8217;arco del 2023.<\/p>\n<p>La flotta Costa, composta da dieci navi in servizio tutte battenti bandiera italiana, \u00e8 portatrice dei valori dell&#8217;Italia nel mondo e rappresenta il Belpaese laddove le navi Costa fanno scalo. Dopo i suoi primi 75 anni di storia, e presente con i suoi servizi in Repubblica Dominicana da oltre 30 anni, sottolinea la nota, &#8220;Costa Crociere guarda al futuro navigando lungo una rotta di costante innovazione e sviluppo sostenibile, portando con s\u00e9 e facendo scoprire al pubblico le eccellenze italiane a livello di tecnologia, design e cucina&#8221;.<\/p>\n","protected":false},"excerpt":{"rendered":"La nave da crociera &#8220;Costa Pacifica&#8221; \u00e8 stato lo scenario per la presentazione a Santo Domingo della candidatura ufficiale della Cucina Italiana come Patrimonio immateriale dell&#8217;Unesco, in un evento in cui l&#8217;Ambasciatore d&#8217;Italia in Repubblica Dominicana, Stefano Queirolo Palmas, ha evidenziato l&#8217;importanza, la diffusione e la bont\u00e0 dei prodotti e della cucina italiana, uno dei [&hellip;]","protected":false},"author":4,"featured_media":2606,"comment_status":"closed","ping_status":"closed","sticky":false,"template":"","format":"standard","meta":{"footnotes":""},"tags":[],"class_list":["post-2605","post","type-post","status-publish","format-standard","has-post-thumbnail","hentry"],"_links":{"self":[{"href":"https:\/\/ambsantodomingo.esteri.it\/it\/wp-json\/wp\/v2\/posts\/2605","targetHints":{"allow":["GET"]}}],"collection":[{"href":"https:\/\/ambsantodomingo.esteri.it\/it\/wp-json\/wp\/v2\/posts"}],"about":[{"href":"https:\/\/ambsantodomingo.esteri.it\/it\/wp-json\/wp\/v2\/types\/post"}],"author":[{"embeddable":true,"href":"https:\/\/ambsantodomingo.esteri.it\/it\/wp-json\/wp\/v2\/users\/4"}],"replies":[{"embeddable":true,"href":"https:\/\/ambsantodomingo.esteri.it\/it\/wp-json\/wp\/v2\/comments?post=2605"}],"version-history":[{"count":1,"href":"https:\/\/ambsantodomingo.esteri.it\/it\/wp-json\/wp\/v2\/posts\/2605\/revisions"}],"predecessor-version":[{"id":2609,"href":"https:\/\/ambsantodomingo.esteri.it\/it\/wp-json\/wp\/v2\/posts\/2605\/revisions\/2609"}],"wp:featuredmedia":[{"embeddable":true,"href":"https:\/\/ambsantodomingo.esteri.it\/it\/wp-json\/wp\/v2\/media\/2606"}],"wp:attachment":[{"href":"https:\/\/ambsantodomingo.esteri.it\/it\/wp-json\/wp\/v2\/media?parent=2605"}],"wp:term":[{"taxonomy":"post_tag","embeddable":true,"href":"https:\/\/ambsantodomingo.esteri.it\/it\/wp-json\/wp\/v2\/tags?post=2605"}],"curies":[{"name":"wp","href":"https:\/\/api.w.org\/{rel}","templated":true}]}}