{"id":2792,"date":"2024-02-26T08:09:47","date_gmt":"2024-02-26T12:09:47","guid":{"rendered":"https:\/\/ambsantodomingo.esteri.it\/?p=2792"},"modified":"2024-02-26T08:09:47","modified_gmt":"2024-02-26T12:09:47","slug":"rep-dominicana-festa-della-primavera-allambasciata-ditalia","status":"publish","type":"post","link":"https:\/\/ambsantodomingo.esteri.it\/it\/news\/dall_ambasciata\/2024\/02\/rep-dominicana-festa-della-primavera-allambasciata-ditalia\/","title":{"rendered":"Rep. Dominicana: Festa della Primavera all&#8217;Ambasciata d&#8217;Italia"},"content":{"rendered":"<p>Si \u00e8 tenuto presso la residenza dell&#8217;Ambasciatore d&#8217;Italia a Santo Domingo, Stefano Queirolo Palmas, il tradizionale ricevimento per la Festa di Primavera che, insieme con la &#8216;Giornata del design&#8217;, \u00e8 solito aprire l&#8217;attivit\u00e0 promozionale italiana in Repubblica dominicana.<\/p>\n<p>Il Ministro degli Esteri, Roberto \u00c1lvarez, presente a titolo straordinario come manifestazione di vicinanza all&#8217;Italia, segnala un comunicato, &#8220;ha suggerito un&#8217;ulteriore tappa della collaborazione bilaterale in tema di riforma della diplomazia dominicana e auspicato il continuo rafforzamento dell&#8217;antica amicizia&#8221; fra i due Paesi.<\/p>\n<p>Erano presenti all&#8217;evento anche il Ministro di Industria e Commercio, Victor Bison\u00f3, il Ministro dell&#8217;Universit\u00e0 e Ricerca, Franklin Garc\u00eda Ferm\u00edn, oltre al Viceministro della Difesa, ammiraglio Ram\u00f3n Betances, al capo della polizia, generale Ram\u00f3n Guzm\u00e1n, al capo di stato maggiore dell&#8217;Aeronautica, generale Carlos Febrillet, al presidente dell&#8217;Antidroga, ammiraglio Jos\u00e9 Cabrera, al Direttore generale dei Musei, Carlos And\u00fajar, alla Direttrice generale del Cinema, Marianna Vargas, e alla Direttrice Europa del Ministero degli Esteri, Sachenka Encarnaci\u00f3n.<\/p>\n<p>Era altres\u00ec rappresentato il corpo diplomatico, con tutti gli ambasciatori residenti del &#8216;Team Europe&#8217;, e &#8220;non sono mancati gli esponenti pi\u00f9 rappresentativi della storica presenza italiana nell&#8217;isola: Felipe Vicini, della Fondazione Inicia, Frank Rainieri, fondatore del Gruppo Puntacana, e Miguel Barletta, di Santo Domingo Motors.<\/p>\n<p>Inoltre, le istituzioni della collettivit\u00e0 hanno potuto contare sul presidente di Casa Italia, Renzo Seravalle, sulla presidente del Comites, Licia Colombo, sul Membro Cgie, Paolo Dussich, e sul presidente dell&#8217;Accademia della Cucina Italiana, Enrico Soldati.<\/p>\n<p>Presenti anche la dirigenza della Camera di commercio e le principali aziende italiane nel Paese: il cementificio Domicem, i villaggi vacanze Viva, la linea aerea Neos, il cantiere navale della Azimut-Benetti, l&#8217;impresa costruttrice Ghella, il gruppo Acea e lo studio d&#8217;interni CerArte.<\/p>\n<p><strong>ANSA.<\/strong><\/p>\n","protected":false},"excerpt":{"rendered":"Si \u00e8 tenuto presso la residenza dell&#8217;Ambasciatore d&#8217;Italia a Santo Domingo, Stefano Queirolo Palmas, il tradizionale ricevimento per la Festa di Primavera che, insieme con la &#8216;Giornata del design&#8217;, \u00e8 solito aprire l&#8217;attivit\u00e0 promozionale italiana in Repubblica dominicana. Il Ministro degli Esteri, Roberto \u00c1lvarez, presente a titolo straordinario come manifestazione di vicinanza all&#8217;Italia, segnala un [&hellip;]","protected":false},"author":4,"featured_media":2793,"comment_status":"closed","ping_status":"closed","sticky":false,"template":"","format":"standard","meta":{"footnotes":""},"tags":[],"class_list":["post-2792","post","type-post","status-publish","format-standard","has-post-thumbnail","hentry"],"_links":{"self":[{"href":"https:\/\/ambsantodomingo.esteri.it\/it\/wp-json\/wp\/v2\/posts\/2792","targetHints":{"allow":["GET"]}}],"collection":[{"href":"https:\/\/ambsantodomingo.esteri.it\/it\/wp-json\/wp\/v2\/posts"}],"about":[{"href":"https:\/\/ambsantodomingo.esteri.it\/it\/wp-json\/wp\/v2\/types\/post"}],"author":[{"embeddable":true,"href":"https:\/\/ambsantodomingo.esteri.it\/it\/wp-json\/wp\/v2\/users\/4"}],"replies":[{"embeddable":true,"href":"https:\/\/ambsantodomingo.esteri.it\/it\/wp-json\/wp\/v2\/comments?post=2792"}],"version-history":[{"count":1,"href":"https:\/\/ambsantodomingo.esteri.it\/it\/wp-json\/wp\/v2\/posts\/2792\/revisions"}],"predecessor-version":[{"id":2796,"href":"https:\/\/ambsantodomingo.esteri.it\/it\/wp-json\/wp\/v2\/posts\/2792\/revisions\/2796"}],"wp:featuredmedia":[{"embeddable":true,"href":"https:\/\/ambsantodomingo.esteri.it\/it\/wp-json\/wp\/v2\/media\/2793"}],"wp:attachment":[{"href":"https:\/\/ambsantodomingo.esteri.it\/it\/wp-json\/wp\/v2\/media?parent=2792"}],"wp:term":[{"taxonomy":"post_tag","embeddable":true,"href":"https:\/\/ambsantodomingo.esteri.it\/it\/wp-json\/wp\/v2\/tags?post=2792"}],"curies":[{"name":"wp","href":"https:\/\/api.w.org\/{rel}","templated":true}]}}