{"id":2947,"date":"2024-04-09T08:51:12","date_gmt":"2024-04-09T12:51:12","guid":{"rendered":"https:\/\/ambsantodomingo.esteri.it\/?p=2947"},"modified":"2024-04-09T08:51:12","modified_gmt":"2024-04-09T12:51:12","slug":"laeronautica-dominicana-esegue-il-volo-di-prova-dellelicottero-aw-169","status":"publish","type":"post","link":"https:\/\/ambsantodomingo.esteri.it\/it\/news\/dall_ambasciata\/2024\/04\/laeronautica-dominicana-esegue-il-volo-di-prova-dellelicottero-aw-169\/","title":{"rendered":"L&#8217;Aeronautica Dominicana esegue il volo di prova dell&#8217;elicottero AW-169"},"content":{"rendered":"<p><strong>Articolo: Diario Libre Dominicana.\u00a0<\/strong><\/p>\n<p><strong>Foto: Fonte esterna.<\/strong><\/p>\n<p>L&#8217;Aeronautica della Repubblica Dominicana (FARD) ha annunciato questo luned\u00ec di aver effettuato un volo di prova su uno dei due elicotteri AW-169, appena acquistati dal governo. Attraverso una pubblicazione in X, l&#8217;istituzione ha riferito che il viaggio \u00e8 partito dalla Base Aerea di San Isidro, Santo Domingo Este, con destinazione Santiago de los Caballeros. La traversata \u00e8 stata effettuata dal pilota di prova Jeison Cosh. Erano a bordo gli aviatori colonnelli Manuel Figuereo Mercedes e Luis Mart\u00ednez Vilomar. Secondo la FARD, lo scopo del volo \u00e8 verificare le capacit\u00e0 e l&#8217;elevata manovrabilit\u00e0 dell&#8217;aeromobile.<\/p>\n<p><strong>Arrivano i primi due aerei<\/strong><\/p>\n<p>I due aerei prodotti dalla <strong>Leonardo Company<\/strong>, su un totale di quattro unit\u00e0, sono arrivati dall&#8217;area terminale su un aereo Ercole battente bandiera del Qatar. Lo scorso 23 marzo 2023, l&#8217;esecutivo ha comunicato l&#8217;acquisizione di quattro elicotteri AgustaWestland (AW169). In quell&#8217;occasione, \u00e8 stato detto che questi sono volti a migliorare la capacit\u00e0 aeronautica nazionale, le attivit\u00e0 di sicurezza e protezione dalle catastrofi.<\/p>\n<p><strong>Sono riconosciuti per la loro versatilit\u00e0<\/strong><\/p>\n<p>Questi elicotteri, progettati sia per uso civile che militare, sono riconosciuti per la loro versatilit\u00e0 e capacit\u00e0 di trasportare fino a 10 persone. L&#8217;AW169, annunciato per la prima volta al Farnborough International Air Show 2010, ha effettuato il suo volo inaugurale il 10 maggio 2012. Con un peso massimo al decollo di 4.500 kg, si posiziona tra i modelli pi\u00f9 piccoli come l&#8217;AW109 e quelli pi\u00f9 grandi come l&#8217;AW139. Equipaggiato con motori Pratt &amp; Whitney Canada.&#8221;<\/p>\n<p>Link video Instagram: <a href=\"https:\/\/www.instagram.com\/reel\/C5ikByqLWh9\/?igsh=aGlma3BwYnRxazV2\">https:\/\/www.instagram.com\/reel\/C5ikByqLWh9\/?igsh=aGlma3BwYnRxazV2<\/a><\/p>\n","protected":false},"excerpt":{"rendered":"Articolo: Diario Libre Dominicana.\u00a0 Foto: Fonte esterna. L&#8217;Aeronautica della Repubblica Dominicana (FARD) ha annunciato questo luned\u00ec di aver effettuato un volo di prova su uno dei due elicotteri AW-169, appena acquistati dal governo. Attraverso una pubblicazione in X, l&#8217;istituzione ha riferito che il viaggio \u00e8 partito dalla Base Aerea di San Isidro, Santo Domingo Este, [&hellip;]","protected":false},"author":4,"featured_media":2951,"comment_status":"closed","ping_status":"closed","sticky":false,"template":"","format":"standard","meta":{"footnotes":""},"tags":[],"class_list":["post-2947","post","type-post","status-publish","format-standard","has-post-thumbnail","hentry"],"_links":{"self":[{"href":"https:\/\/ambsantodomingo.esteri.it\/it\/wp-json\/wp\/v2\/posts\/2947","targetHints":{"allow":["GET"]}}],"collection":[{"href":"https:\/\/ambsantodomingo.esteri.it\/it\/wp-json\/wp\/v2\/posts"}],"about":[{"href":"https:\/\/ambsantodomingo.esteri.it\/it\/wp-json\/wp\/v2\/types\/post"}],"author":[{"embeddable":true,"href":"https:\/\/ambsantodomingo.esteri.it\/it\/wp-json\/wp\/v2\/users\/4"}],"replies":[{"embeddable":true,"href":"https:\/\/ambsantodomingo.esteri.it\/it\/wp-json\/wp\/v2\/comments?post=2947"}],"version-history":[{"count":1,"href":"https:\/\/ambsantodomingo.esteri.it\/it\/wp-json\/wp\/v2\/posts\/2947\/revisions"}],"predecessor-version":[{"id":2954,"href":"https:\/\/ambsantodomingo.esteri.it\/it\/wp-json\/wp\/v2\/posts\/2947\/revisions\/2954"}],"wp:featuredmedia":[{"embeddable":true,"href":"https:\/\/ambsantodomingo.esteri.it\/it\/wp-json\/wp\/v2\/media\/2951"}],"wp:attachment":[{"href":"https:\/\/ambsantodomingo.esteri.it\/it\/wp-json\/wp\/v2\/media?parent=2947"}],"wp:term":[{"taxonomy":"post_tag","embeddable":true,"href":"https:\/\/ambsantodomingo.esteri.it\/it\/wp-json\/wp\/v2\/tags?post=2947"}],"curies":[{"name":"wp","href":"https:\/\/api.w.org\/{rel}","templated":true}]}}