{"id":2969,"date":"2024-04-23T08:22:40","date_gmt":"2024-04-23T12:22:40","guid":{"rendered":"https:\/\/ambsantodomingo.esteri.it\/?p=2969"},"modified":"2024-04-23T08:22:40","modified_gmt":"2024-04-23T12:22:40","slug":"presentata-nella-rep-dominicana-la-giornata-del-made-in-italy-santo-domingo","status":"publish","type":"post","link":"https:\/\/ambsantodomingo.esteri.it\/it\/news\/dall_ambasciata\/2024\/04\/presentata-nella-rep-dominicana-la-giornata-del-made-in-italy-santo-domingo\/","title":{"rendered":"PRESENTATA NELLA REP. DOMINICANA LA GIORNATA DEL MADE IN ITALY SANTO DOMINGO"},"content":{"rendered":"<p>Sotto il tetto storico della Casa d&#8217;Italia nell&#8217;incantevole Citt\u00e0 Coloniale di Santo Domingo, capitale della Repubblica Dominicana, si \u00e8 svolta la celebrazione della Giornata nazionale del Made in Italy. Questo evento, riferisce un comunicato, si \u00e8 svolto gioved\u00ec scorso e &#8220;ha segnato anche il debutto del progetto &#8216;Turismo delle radici&#8217;, progettato per ispirare gli 80 milioni di italiani e italo-discendenti sparsi nel mondo ad esplorare i luoghi che hanno plasmato le loro radici italiane&#8221;.<\/p>\n<p>Lo scopo fondamentale di questa iniziativa, si precisa, &#8220;\u00e8 quello di svelare il fascino delle aree rurali di origine, spingere il turismo oltre le destinazioni pi\u00f9 conosciute e, allo stesso tempo, promuovere in tutti i connazionali l&#8217;orgoglio del loro patrimonio italiano&#8221;. La presentazione di questo ambizioso progetto \u00e8 stata effettuata dal Direttore Generale per gli Italiani all&#8217;estero e le Politiche migratorie, Ministro Plenipotenziario Luigi Maria Vignali, il quale si \u00e8 recato espressamente a Santo Domingo per toccare con mano le necessit\u00e0 in materia di servizi consolari dei cittadini italiani e italo-discendenti residenti nella Repubblica dominicana, invitandoli a scoprire gli affascinanti luoghi d&#8217;Italia da cui provengono i loro antenati&#8221;. Ad accompagnare Vignali \u00e8 stato l&#8217;Ambasciatore d&#8217;Italia, Stefano Queirolo Palmas, che ha rivolto alcune parole all&#8217;udienza composta da entit\u00e0 diplomatiche, autorit\u00e0 dominicane e rappresentanti della comunit\u00e0 italiana.<\/p>\n<p><strong>(ANSA)<\/strong><\/p>\n","protected":false},"excerpt":{"rendered":"Sotto il tetto storico della Casa d&#8217;Italia nell&#8217;incantevole Citt\u00e0 Coloniale di Santo Domingo, capitale della Repubblica Dominicana, si \u00e8 svolta la celebrazione della Giornata nazionale del Made in Italy. Questo evento, riferisce un comunicato, si \u00e8 svolto gioved\u00ec scorso e &#8220;ha segnato anche il debutto del progetto &#8216;Turismo delle radici&#8217;, progettato per ispirare gli 80 [&hellip;]","protected":false},"author":4,"featured_media":2973,"comment_status":"closed","ping_status":"closed","sticky":false,"template":"","format":"standard","meta":{"footnotes":""},"tags":[],"class_list":["post-2969","post","type-post","status-publish","format-standard","has-post-thumbnail","hentry"],"_links":{"self":[{"href":"https:\/\/ambsantodomingo.esteri.it\/it\/wp-json\/wp\/v2\/posts\/2969","targetHints":{"allow":["GET"]}}],"collection":[{"href":"https:\/\/ambsantodomingo.esteri.it\/it\/wp-json\/wp\/v2\/posts"}],"about":[{"href":"https:\/\/ambsantodomingo.esteri.it\/it\/wp-json\/wp\/v2\/types\/post"}],"author":[{"embeddable":true,"href":"https:\/\/ambsantodomingo.esteri.it\/it\/wp-json\/wp\/v2\/users\/4"}],"replies":[{"embeddable":true,"href":"https:\/\/ambsantodomingo.esteri.it\/it\/wp-json\/wp\/v2\/comments?post=2969"}],"version-history":[{"count":1,"href":"https:\/\/ambsantodomingo.esteri.it\/it\/wp-json\/wp\/v2\/posts\/2969\/revisions"}],"predecessor-version":[{"id":2976,"href":"https:\/\/ambsantodomingo.esteri.it\/it\/wp-json\/wp\/v2\/posts\/2969\/revisions\/2976"}],"wp:featuredmedia":[{"embeddable":true,"href":"https:\/\/ambsantodomingo.esteri.it\/it\/wp-json\/wp\/v2\/media\/2973"}],"wp:attachment":[{"href":"https:\/\/ambsantodomingo.esteri.it\/it\/wp-json\/wp\/v2\/media?parent=2969"}],"wp:term":[{"taxonomy":"post_tag","embeddable":true,"href":"https:\/\/ambsantodomingo.esteri.it\/it\/wp-json\/wp\/v2\/tags?post=2969"}],"curies":[{"name":"wp","href":"https:\/\/api.w.org\/{rel}","templated":true}]}}