{"id":2991,"date":"2024-05-03T08:09:28","date_gmt":"2024-05-03T12:09:28","guid":{"rendered":"https:\/\/ambsantodomingo.esteri.it\/?p=2991"},"modified":"2024-05-03T08:09:28","modified_gmt":"2024-05-03T12:09:28","slug":"giunto-a-termine-in-rep-dominicana-un-progetto-coltura-caffe","status":"publish","type":"post","link":"https:\/\/ambsantodomingo.esteri.it\/it\/news\/dall_ambasciata\/2024\/05\/giunto-a-termine-in-rep-dominicana-un-progetto-coltura-caffe\/","title":{"rendered":"Giunto a termine in Rep. Dominicana un progetto coltura caff\u00e8"},"content":{"rendered":"<p>Si \u00e8 tenuta a Santo Diomingo la cerimonia di chiusura del progetto &#8216;Implementazione tecnologica per il processo di produzione del caff\u00e8 nella frontiera dominico-haitiana&#8217;, finanziato dall&#8217;Agenzia italiana per la Cooperazione allo sviluppo (Aics) attraverso la Banca interamericana di sviluppo (Bid\/Lab), e realizzato dalla Junta agro-empresarial dominicana (Jad). Il progetto, riferisce un comunicato, &#8220;aveva l&#8217;obiettivo di aumentare la resa dei produttori di caff\u00e8 e la loro capacit\u00e0 di adattamento agli effetti del cambiamento climatico.<\/p>\n<p>Inoltre, mirava a identificare nuovi mercati internazionali per migliorare la tecnologia di sette organizzazioni di produttori di caff\u00e8 nella zona di frontiera con Haiti&#8221;. L&#8217;iniziativa, dell&#8217;importo complessivo di un milione di dollari (di cui la met\u00e0 cofinanziato dalla Cooperazione Italiana), ha permesso di rafforzare i programmi di formazione pratica per un totale di 2.487 produttori e di realizzare nuove infrastrutture, tra cui essiccatori, vivai per la coltivazione di piante resistenti al fungo della ruggine del caff\u00e8 e macchinari per la selezione dei grani per dimensione e qualit\u00e0. Infine, grazie al progetto, i produttori hanno potuto visitare un importante centro di ricerca in Costa Rica e aziende di torrefazione in Italia, tra cui Lavazza y Pausa Caff\u00e8. &#8220;Questa iniziativa &#8211; ha commentato Paolo Gallizioli, direttore della sede Aics di San Salvador &#8211; ribadisce l&#8217;impegno della Cooperazione Italiana a favore del settore del caff\u00e8 in America Centrale e Caraibi.<\/p>\n<p>Promuoviamo lo sviluppo socioeconomico delle comunit\u00e0 pi\u00f9 vulnerabili, rafforzando la loro capacit\u00e0 di resilienza attraverso formazione e tecnologia&#8221;. La missione in Repubblica Dominicana \u00e8 stata anche un&#8217;occasione per conoscere le opportunit\u00e0 di cooperazione e presentare l&#8217;azione dell&#8217;Aics nel paese, contemplando una fitta agenda d&#8217;incontri con l&#8217;ambasciatore d&#8217;Italia a Santo Domingo, Stefano Queirolo Palmas, autorit\u00e0 dominicane dei ministeri: Esteri, Economia, Educazione, Ambiente e della Direzione nazionale delle Tecnologie per l&#8217;irrigazione. Da segnalare infine che il direttore dell&#8217;Aics si \u00e8 riunito con LAC4, il Centro di formazione regionale su cybersecurity, con la delegazione dell&#8217;Unione europea (Ue) a Santo Domingo, e con rappresentanti della societ\u00e0 civile di origine italiana, Avsi.<\/p>\n<p><strong>ANSA.<\/strong><\/p>\n","protected":false},"excerpt":{"rendered":"Si \u00e8 tenuta a Santo Diomingo la cerimonia di chiusura del progetto &#8216;Implementazione tecnologica per il processo di produzione del caff\u00e8 nella frontiera dominico-haitiana&#8217;, finanziato dall&#8217;Agenzia italiana per la Cooperazione allo sviluppo (Aics) attraverso la Banca interamericana di sviluppo (Bid\/Lab), e realizzato dalla Junta agro-empresarial dominicana (Jad). Il progetto, riferisce un comunicato, &#8220;aveva l&#8217;obiettivo di [&hellip;]","protected":false},"author":4,"featured_media":2993,"comment_status":"closed","ping_status":"closed","sticky":false,"template":"","format":"standard","meta":{"footnotes":""},"tags":[],"class_list":["post-2991","post","type-post","status-publish","format-standard","has-post-thumbnail","hentry"],"_links":{"self":[{"href":"https:\/\/ambsantodomingo.esteri.it\/it\/wp-json\/wp\/v2\/posts\/2991","targetHints":{"allow":["GET"]}}],"collection":[{"href":"https:\/\/ambsantodomingo.esteri.it\/it\/wp-json\/wp\/v2\/posts"}],"about":[{"href":"https:\/\/ambsantodomingo.esteri.it\/it\/wp-json\/wp\/v2\/types\/post"}],"author":[{"embeddable":true,"href":"https:\/\/ambsantodomingo.esteri.it\/it\/wp-json\/wp\/v2\/users\/4"}],"replies":[{"embeddable":true,"href":"https:\/\/ambsantodomingo.esteri.it\/it\/wp-json\/wp\/v2\/comments?post=2991"}],"version-history":[{"count":1,"href":"https:\/\/ambsantodomingo.esteri.it\/it\/wp-json\/wp\/v2\/posts\/2991\/revisions"}],"predecessor-version":[{"id":2996,"href":"https:\/\/ambsantodomingo.esteri.it\/it\/wp-json\/wp\/v2\/posts\/2991\/revisions\/2996"}],"wp:featuredmedia":[{"embeddable":true,"href":"https:\/\/ambsantodomingo.esteri.it\/it\/wp-json\/wp\/v2\/media\/2993"}],"wp:attachment":[{"href":"https:\/\/ambsantodomingo.esteri.it\/it\/wp-json\/wp\/v2\/media?parent=2991"}],"wp:term":[{"taxonomy":"post_tag","embeddable":true,"href":"https:\/\/ambsantodomingo.esteri.it\/it\/wp-json\/wp\/v2\/tags?post=2991"}],"curies":[{"name":"wp","href":"https:\/\/api.w.org\/{rel}","templated":true}]}}