{"id":3001,"date":"2024-05-06T08:04:16","date_gmt":"2024-05-06T12:04:16","guid":{"rendered":"https:\/\/ambsantodomingo.esteri.it\/?p=3001"},"modified":"2024-05-06T08:04:16","modified_gmt":"2024-05-06T12:04:16","slug":"partita-la-campagna-di-proiezione-operativa-di-nave-montecuccoli","status":"publish","type":"post","link":"https:\/\/ambsantodomingo.esteri.it\/it\/news\/dall_ambasciata\/2024\/05\/partita-la-campagna-di-proiezione-operativa-di-nave-montecuccoli\/","title":{"rendered":"PARTITA LA CAMPAGNA DI PROIEZIONE OPERATIVA DI NAVE MONTECUCCOLI"},"content":{"rendered":"<p>Articolo e foto: <strong>DIFESA ONLINE.<\/strong><\/p>\n<p>Nave\u00a0Raimondo Montecuccoli, terza unit\u00e0 della classe\u00a0Pattugliatori Polivalenti d&#8217;Altura\u00a0(PPA) della Marina Militare, \u00e8 partita luned\u00ec 29 aprile dalla base navale della Spezia per una campagna di proiezione operativa. Dopo l&#8217;attraversamento dell&#8217;Oceano Atlantico far\u00e0 ingresso nel Pacifico, tramite il transito del canale di Panama, dove la nave parteciper\u00e0 a una intensa attivit\u00e0 addestrativa e operativa con marine partner e alleate.<\/p>\n<p>Durante la campagna la nave far\u00e0 sosta in 13 porti di 11 differenti nazioni, porter\u00e0 gli aspetti preminenti di sviluppo tecnologico nazionale, preparazione e professionalit\u00e0 degli equipaggi e supporter\u00e0 la competitivit\u00e0 del Sistema Paese, improntata alla promozione delle eccellenze dell&#8217;industria nazionale come realt\u00e0 credibile ed efficace.<\/p>\n<p>In particolare la nave parteciper\u00e0 alle esercitazioni americane RIMPAC (Rim of the Pacific Excercise) e PACIFIC DRAGON previste per l&#8217;estate 2024. Al termine proseguir\u00e0 impegnandosi nell&#8217;attivit\u00e0 di\u00a0naval diplomacy, in supporto al Sistema Paese, per poi rientrare in Italia completando il giro del mondo.<\/p>\n","protected":false},"excerpt":{"rendered":"Articolo e foto: DIFESA ONLINE. Nave\u00a0Raimondo Montecuccoli, terza unit\u00e0 della classe\u00a0Pattugliatori Polivalenti d&#8217;Altura\u00a0(PPA) della Marina Militare, \u00e8 partita luned\u00ec 29 aprile dalla base navale della Spezia per una campagna di proiezione operativa. Dopo l&#8217;attraversamento dell&#8217;Oceano Atlantico far\u00e0 ingresso nel Pacifico, tramite il transito del canale di Panama, dove la nave parteciper\u00e0 a una intensa attivit\u00e0 [&hellip;]","protected":false},"author":4,"featured_media":3003,"comment_status":"closed","ping_status":"closed","sticky":false,"template":"","format":"standard","meta":{"footnotes":""},"tags":[],"class_list":["post-3001","post","type-post","status-publish","format-standard","has-post-thumbnail","hentry"],"_links":{"self":[{"href":"https:\/\/ambsantodomingo.esteri.it\/it\/wp-json\/wp\/v2\/posts\/3001","targetHints":{"allow":["GET"]}}],"collection":[{"href":"https:\/\/ambsantodomingo.esteri.it\/it\/wp-json\/wp\/v2\/posts"}],"about":[{"href":"https:\/\/ambsantodomingo.esteri.it\/it\/wp-json\/wp\/v2\/types\/post"}],"author":[{"embeddable":true,"href":"https:\/\/ambsantodomingo.esteri.it\/it\/wp-json\/wp\/v2\/users\/4"}],"replies":[{"embeddable":true,"href":"https:\/\/ambsantodomingo.esteri.it\/it\/wp-json\/wp\/v2\/comments?post=3001"}],"version-history":[{"count":1,"href":"https:\/\/ambsantodomingo.esteri.it\/it\/wp-json\/wp\/v2\/posts\/3001\/revisions"}],"predecessor-version":[{"id":3004,"href":"https:\/\/ambsantodomingo.esteri.it\/it\/wp-json\/wp\/v2\/posts\/3001\/revisions\/3004"}],"wp:featuredmedia":[{"embeddable":true,"href":"https:\/\/ambsantodomingo.esteri.it\/it\/wp-json\/wp\/v2\/media\/3003"}],"wp:attachment":[{"href":"https:\/\/ambsantodomingo.esteri.it\/it\/wp-json\/wp\/v2\/media?parent=3001"}],"wp:term":[{"taxonomy":"post_tag","embeddable":true,"href":"https:\/\/ambsantodomingo.esteri.it\/it\/wp-json\/wp\/v2\/tags?post=3001"}],"curies":[{"name":"wp","href":"https:\/\/api.w.org\/{rel}","templated":true}]}}