{"id":3008,"date":"2024-05-06T08:11:21","date_gmt":"2024-05-06T12:11:21","guid":{"rendered":"https:\/\/ambsantodomingo.esteri.it\/?p=3008"},"modified":"2024-05-06T08:11:21","modified_gmt":"2024-05-06T12:11:21","slug":"difensore-civico-e-ambasciata-ditalia-salutano-e-sostengono-patto-per-gli-animali","status":"publish","type":"post","link":"https:\/\/ambsantodomingo.esteri.it\/it\/news\/dall_ambasciata\/2024\/05\/difensore-civico-e-ambasciata-ditalia-salutano-e-sostengono-patto-per-gli-animali\/","title":{"rendered":"Difensore civico e Ambasciata d&#8217;Italia salutano e sostengono &#8220;Patto per gli animali&#8221;"},"content":{"rendered":"<p>Articolo e foto: <strong>Listin Diario.<\/strong><\/p>\n<p>Il Mediatore, l&#8217;Ambasciata d&#8217;Italia a Santo Domingo e altre entit\u00e0 e istituzioni hanno concluso la firma di un &#8220;patto per gli animali&#8221;, proposto da List\u00edn Diario e sostenuto dalla Federazione Dominicana per i Diritti degli Animali. La firma del patto, da parte dei candidati presidenziali e di diverse autorit\u00e0 nazionali, promuove il trattamento adeguato e dignitoso di questi esseri viventi che fanno parte della famiglia, secondo una comunicazione firmata dal Mediatore Pablo Ulloa.<\/p>\n<p>&#8220;A nome di tutti i collaboratori dell&#8217;istituzione e del mio, mi metto a disposizione e mi unisco alla responsabilit\u00e0 della lotta contro il maltrattamento degli animali&#8221;, dice la lettera di Ulloa.<\/p>\n<p>Stefano Queirolo Palmas, Ambasciatore d&#8217;Italia a Santo Domingo, si \u00e8 congratulato con l&#8217;iniziativa e ha dichiarato che il suo paese \u00e8 spesso associato alle sue citt\u00e0 d&#8217;arte, ai suoi siti UNESCO e al suo vasto patrimonio culturale, ma ha detto che nel ricco mosaico che compone la cultura italiana ci sono anche innumerevoli realt\u00e0 rurali dove tradizioni e stili di vita si sono sviluppati in simbiosi con gli animali.<\/p>\n<p>&#8220;Il progresso di una societ\u00e0 si misura anche nel modo in cui tratta il suo ambiente e nella sua capacit\u00e0 di educare i cittadini verso comportamenti pi\u00f9 civici. In questo senso, l&#8217;iniziativa merita il pi\u00f9 convinto sostegno perch\u00e9 mira a sensibilizzare la popolazione su un tema che, anche se pu\u00f2 sembrare non prioritario tra tanti problemi, tocca profondamente la sensibilit\u00e0 umana e contribuisce a migliorare la societ\u00e0&#8221;, indica la comunicazione inviata a questo giornale dall&#8217;Ambasciatore Stefano Queirolo Palmas.<\/p>\n<p>Anche la signora Gina Victoriano Collado, vicepresidente esecutiva del Parque del Prado, ha ritenuto che come amanti degli animali e difensori del loro benessere ritenesse cruciale che fossero prese misure concrete per garantire la sicurezza e la dignit\u00e0 degli animali domestici.<\/p>\n<p>&#8220;Comprendiamo l&#8217;importanza di garantire il benessere e la protezione di tutti gli animali. Nel corso degli anni abbiamo assistito a innumerevoli storie di lealt\u00e0, amore e amicizia tra gli animali e i loro proprietari; connessioni che ci hanno insegnato l&#8217;importanza di trattare tutte le forme di vita con rispetto e compassione&#8221;, dice la sua lettera.<\/p>\n","protected":false},"excerpt":{"rendered":"Articolo e foto: Listin Diario. Il Mediatore, l&#8217;Ambasciata d&#8217;Italia a Santo Domingo e altre entit\u00e0 e istituzioni hanno concluso la firma di un &#8220;patto per gli animali&#8221;, proposto da List\u00edn Diario e sostenuto dalla Federazione Dominicana per i Diritti degli Animali. La firma del patto, da parte dei candidati presidenziali e di diverse autorit\u00e0 nazionali, [&hellip;]","protected":false},"author":4,"featured_media":3010,"comment_status":"closed","ping_status":"closed","sticky":false,"template":"","format":"standard","meta":{"footnotes":""},"tags":[],"class_list":["post-3008","post","type-post","status-publish","format-standard","has-post-thumbnail","hentry"],"_links":{"self":[{"href":"https:\/\/ambsantodomingo.esteri.it\/it\/wp-json\/wp\/v2\/posts\/3008","targetHints":{"allow":["GET"]}}],"collection":[{"href":"https:\/\/ambsantodomingo.esteri.it\/it\/wp-json\/wp\/v2\/posts"}],"about":[{"href":"https:\/\/ambsantodomingo.esteri.it\/it\/wp-json\/wp\/v2\/types\/post"}],"author":[{"embeddable":true,"href":"https:\/\/ambsantodomingo.esteri.it\/it\/wp-json\/wp\/v2\/users\/4"}],"replies":[{"embeddable":true,"href":"https:\/\/ambsantodomingo.esteri.it\/it\/wp-json\/wp\/v2\/comments?post=3008"}],"version-history":[{"count":1,"href":"https:\/\/ambsantodomingo.esteri.it\/it\/wp-json\/wp\/v2\/posts\/3008\/revisions"}],"predecessor-version":[{"id":3011,"href":"https:\/\/ambsantodomingo.esteri.it\/it\/wp-json\/wp\/v2\/posts\/3008\/revisions\/3011"}],"wp:featuredmedia":[{"embeddable":true,"href":"https:\/\/ambsantodomingo.esteri.it\/it\/wp-json\/wp\/v2\/media\/3010"}],"wp:attachment":[{"href":"https:\/\/ambsantodomingo.esteri.it\/it\/wp-json\/wp\/v2\/media?parent=3008"}],"wp:term":[{"taxonomy":"post_tag","embeddable":true,"href":"https:\/\/ambsantodomingo.esteri.it\/it\/wp-json\/wp\/v2\/tags?post=3008"}],"curies":[{"name":"wp","href":"https:\/\/api.w.org\/{rel}","templated":true}]}}